{"id":13718,"date":"2021-08-21T22:35:39","date_gmt":"2021-08-21T22:35:39","guid":{"rendered":"http:\/\/hormigaradio.com\/?p=13718"},"modified":"2021-08-21T22:35:39","modified_gmt":"2021-08-21T22:35:39","slug":"presidente-luis-abinader-encabeza-consejo-de-gobienro-en-mao","status":"publish","type":"post","link":"https:\/\/hormigaradio.com\/?p=13718","title":{"rendered":"PRESIDENTE LUIS ABINADER ENCABEZA CONSEJO DE GOBIENRO EN MAO"},"content":{"rendered":"<p><strong>H.R<\/strong>.<\/p>\n<p>MAO, Valverde.- El Presidente Luis Abinader\u00a0 ha encabezado\u00a0 un Consejo de Gobierno donde escucha las principales necesidades de la Regi\u00f3n Noroeste, as\u00ed como las obras sociales y comunitarias a realizar.<\/p>\n<p><a href=\"http:\/\/hormigaradio.com\/wp-content\/uploads\/2021\/08\/WhatsApp-Image-2021-08-21-at-11.50.33-AM.jpeg\"><img loading=\"lazy\" class=\"alignleft size-medium wp-image-13719\" src=\"http:\/\/hormigaradio.com\/wp-content\/uploads\/2021\/08\/WhatsApp-Image-2021-08-21-at-11.50.33-AM-300x200.jpeg\" alt=\"\" width=\"300\" height=\"200\" srcset=\"https:\/\/hormigaradio.com\/wp-content\/uploads\/2021\/08\/WhatsApp-Image-2021-08-21-at-11.50.33-AM-300x200.jpeg 300w, https:\/\/hormigaradio.com\/wp-content\/uploads\/2021\/08\/WhatsApp-Image-2021-08-21-at-11.50.33-AM-768x512.jpeg 768w, https:\/\/hormigaradio.com\/wp-content\/uploads\/2021\/08\/WhatsApp-Image-2021-08-21-at-11.50.33-AM-1024x682.jpeg 1024w, https:\/\/hormigaradio.com\/wp-content\/uploads\/2021\/08\/WhatsApp-Image-2021-08-21-at-11.50.33-AM.jpeg 1280w\" sizes=\"(max-width: 300px) 100vw, 300px\" \/><\/a><\/p>\n<p>Se analizan los lineamientos para el desarrollo de la Regi\u00f3n que comprende las provincias Valverde, Montecristi, Dajab\u00f3n y Santiago Rodr\u00edguez.<\/p>\n<p>En la reuni\u00f3n que se desarrolla en el multiuso de la Universidad Aut\u00f3noma de Santo Domingo (UASD), participan los principales funcionarios del gobierno.<\/p>\n<p>Entre los temas a abordar para coordinar el impulso de la regi\u00f3n se encuentran la producci\u00f3n y distribuci\u00f3n el\u00e9ctrica as\u00ed como la estrategia de desarrollo de la Bah\u00eda de Manzanillo, provincia Montecristi.<\/p>\n<p>Tambi\u00e9n, se tratar\u00e1n temas de salud y viviendas, este \u00faltimo presentando el impacto del programa Dominicana de Reconstruye.<\/p>\n<p>Asimismo, la producci\u00f3n agropecuaria, el aporte de la regi\u00f3n a las finanzas nacionales y el desarrollo de infraestructuras para el mejoramiento de las v\u00edas y las aguas.<\/p>\n<p>Impactos: 53<\/p>","protected":false},"excerpt":{"rendered":"<p>H.R. MAO, Valverde.- El Presidente Luis Abinader\u00a0 ha encabezado\u00a0 un Consejo de Gobierno donde escucha las principales necesidades de la Regi\u00f3n Noroeste, as\u00ed como<\/p>\n","protected":false},"author":3,"featured_media":13720,"comment_status":"open","ping_status":"closed","sticky":false,"template":"","format":"standard","meta":[],"categories":[3],"tags":[],"_links":{"self":[{"href":"https:\/\/hormigaradio.com\/index.php?rest_route=\/wp\/v2\/posts\/13718"}],"collection":[{"href":"https:\/\/hormigaradio.com\/index.php?rest_route=\/wp\/v2\/posts"}],"about":[{"href":"https:\/\/hormigaradio.com\/index.php?rest_route=\/wp\/v2\/types\/post"}],"author":[{"embeddable":true,"href":"https:\/\/hormigaradio.com\/index.php?rest_route=\/wp\/v2\/users\/3"}],"replies":[{"embeddable":true,"href":"https:\/\/hormigaradio.com\/index.php?rest_route=%2Fwp%2Fv2%2Fcomments&post=13718"}],"version-history":[{"count":1,"href":"https:\/\/hormigaradio.com\/index.php?rest_route=\/wp\/v2\/posts\/13718\/revisions"}],"predecessor-version":[{"id":13721,"href":"https:\/\/hormigaradio.com\/index.php?rest_route=\/wp\/v2\/posts\/13718\/revisions\/13721"}],"wp:featuredmedia":[{"embeddable":true,"href":"https:\/\/hormigaradio.com\/index.php?rest_route=\/wp\/v2\/media\/13720"}],"wp:attachment":[{"href":"https:\/\/hormigaradio.com\/index.php?rest_route=%2Fwp%2Fv2%2Fmedia&parent=13718"}],"wp:term":[{"taxonomy":"category","embeddable":true,"href":"https:\/\/hormigaradio.com\/index.php?rest_route=%2Fwp%2Fv2%2Fcategories&post=13718"},{"taxonomy":"post_tag","embeddable":true,"href":"https:\/\/hormigaradio.com\/index.php?rest_route=%2Fwp%2Fv2%2Ftags&post=13718"}],"curies":[{"name":"wp","href":"https:\/\/api.w.org\/{rel}","templated":true}]}}