{"id":13727,"date":"2021-08-23T08:13:06","date_gmt":"2021-08-23T08:13:06","guid":{"rendered":"http:\/\/hormigaradio.com\/?p=13727"},"modified":"2021-08-23T08:15:17","modified_gmt":"2021-08-23T08:15:17","slug":"abinader-inaugura-carretera-gregorio-luperon-construida-con-inversion-de-rd4245-mm","status":"publish","type":"post","link":"https:\/\/hormigaradio.com\/?p=13727","title":{"rendered":"ABINADER INAUGURA CARRETERA GREGORIO LUPER\u00d3N CONSTRUIDA CON INVERSI\u00d3N DE RD$4,245 MM"},"content":{"rendered":"<p>Por\u00a0<a class=\"text-font font-700\" href=\"https:\/\/acento.com.do\/autor\/index.html?user_slug=servicios\">SERVICIOS DE ACENTO.COM.DO<\/a><\/p>\n<p>SANTO DOMINGO, Rep\u00fablica Dominicana.- El presidente Luis Abinader encabez\u00f3 este domingo el acto inaugural de la nueva carretera tur\u00edstica Gregorio Luper\u00f3n, construida a un costo de cuatro mil 245 millones 482 mil 265 pesos, y que comunica a Santiago y Puerto Plata.<\/p>\n<p>La v\u00eda cuenta con una extensi\u00f3n de 40.3 kil\u00f3metros, pero de acuerdo a lo informado por el jefe de Estado la dejada en servicio hoy es la primera parte, pues la misma ser\u00e1 ampliada y extendida.<\/p>\n<p><a href=\"http:\/\/hormigaradio.com\/wp-content\/uploads\/2021\/08\/corte-cinta.jpg\"><img loading=\"lazy\" class=\"alignleft size-medium wp-image-13730\" src=\"http:\/\/hormigaradio.com\/wp-content\/uploads\/2021\/08\/corte-cinta-300x200.jpg\" alt=\"\" width=\"300\" height=\"200\" srcset=\"https:\/\/hormigaradio.com\/wp-content\/uploads\/2021\/08\/corte-cinta-300x200.jpg 300w, https:\/\/hormigaradio.com\/wp-content\/uploads\/2021\/08\/corte-cinta-768x513.jpg 768w, https:\/\/hormigaradio.com\/wp-content\/uploads\/2021\/08\/corte-cinta.jpg 1018w\" sizes=\"(max-width: 300px) 100vw, 300px\" \/><\/a><\/p>\n<p>&#8220;Les puedo decir que todas las obras que estamos terminando y las que iniciamos se hacen para lograr el gran desarrollo econ\u00f3mico de la regi\u00f3n&#8221;, afirm\u00f3.<\/p>\n<p>Abinader revel\u00f3 que su gobierno trabaja en la terminaci\u00f3n de unas 700 obras que encontr\u00f3 inconclusas y que no puede dejar que se deterioren.<\/p>\n<p>El primer mandatario dijo que por un sentido de responsabilidad\u00a0 del Estado est\u00e1 concluyendo esas obras, y a\u00f1adi\u00f3 que la carretera Santiago-Puerto Plata fue dejada con una inversi\u00f3n del 60 por ciento y que su gesti\u00f3n debi\u00f3 invertir el 40 por ciento restante.<\/p>\n<p>Abinader expres\u00f3 que de las 700 obras inconclusas, 600 son escuelas que, ahora, cuando est\u00e1 pr\u00f3ximo a iniciarse el a\u00f1o escolar presencial deben ser concluidas.<\/p>\n<p>Cuestion\u00f3 que tambi\u00e9n se le critique por estar terminando e\u00a0 inaugurando esas obras, y dijo: \u201clo estoy haciendo porque ser\u00eda una irresponsabilidad m\u00eda, no terminarlas y dejarlas abandonadas, que se deterioren y se pierda esa inversi\u00f3n de dinero del pueblo dominicano\u201d.<\/p>\n<div id=\"news-4-13\" class=\"banner-box dfp-async loaded\" data-bannerdesktop=\"true\" data-bannermobile=\"true\" data-google-query-id=\"COuuy77YxvICFcvmKAUdCOoKkA\">\n<div id=\"google_ads_iframe_5168668\/News_Middle_02_0__container__\">De acuerdo a un comunicado de la Presidencia de la Rep\u00fablica, la\u00a0carretera fue denominada tur\u00edstica debido a los paisajes naturales en todo su trayecto a trav\u00e9s de un amplio curso de la cordillera Septentrional, y su construcci\u00f3n estuvo motivada luego de los da\u00f1os ocasionados por el paso de diversas vaguadas durante el mes de abril del a\u00f1o 2012.<\/div>\n<\/div>\n<p>El ministro de Obras P\u00fablicas, Deligne Ascenci\u00f3n, expres\u00f3 que la presencia del presidente Abinader en el acto de inauguraci\u00f3n de la carretera \u201cconstituye un eslab\u00f3n m\u00e1s de la importante labor que realizamos en el Gobierno del Cambio desde el 16 de agosto del 2020, para relanzar el desarrollo del turismo de Puerto Plata, mejorar la comunicaci\u00f3n vial de la ciudad de Santiago, y para crear las infraestructuras modernas que demanda la sociedad dominicana del siglo XXI\u201d.<\/p>\n<p>Destac\u00f3 que esta magn\u00edfica obra de ingenier\u00eda \u201cestaba a nuestra llegada al MOPC paralizada desde hac\u00eda a\u00f1os. Su construcci\u00f3n hab\u00eda sido interrumpida en numerosas ocasiones por diversas razones y por la falta de planificaci\u00f3n y determinaci\u00f3n de las autoridades que nos precedieron en la administraci\u00f3n p\u00fablica\u201d.<\/p>\n<p>Sostuvo que el abandono continuo de los trabajos durante casi 10 a\u00f1os hab\u00eda encarecido los presupuestos, de tal modo que resultaba imposible continuar la ejecuci\u00f3n de la obra sin incurrir en violaciones a la Ley 340-06, de Contrataciones P\u00fablicas.<\/p>\n<p>\u201cNos encontramos al llegar al Ministerio de Obras Publicas con un problema legal, en vista de que la adenda necesaria para la terminaci\u00f3n de la infraestructura faltante obligaba a un presupuesto superior al 25% del monto del contrato original, a pesar de que exist\u00edan circunstancias imprevistas que justificaban este escalamiento de costos\u201d, explic\u00f3 el ministro.<\/p>\n<p>Dijo que gracias a la decisi\u00f3n del gobierno, que se manifiesta en la colaboraci\u00f3n de diversos funcionarios de las \u00e1reas jur\u00eddicas del Poder Ejecutivo, de la Contralor\u00eda de la Rep\u00fablica, de la Direcci\u00f3n de Compras y Contrataciones P\u00fablicas y del propio Presidente de la Rep\u00fablica, y la comprensi\u00f3n y apoyo del Congreso Nacional para aprobar una modificaci\u00f3n transitoria de la legislaci\u00f3n vigente, \u201chemos superado el \u2018nudo legal\u2019 que afectaba el contrato original y dificultaba el pago de las cubicaciones pendientes y las modificaciones de los presupuestos para la terminaci\u00f3n definitiva de esta obra\u201d<\/p>\n<p>Impactos: 163<\/p>","protected":false},"excerpt":{"rendered":"<p>Por\u00a0SERVICIOS DE ACENTO.COM.DO SANTO DOMINGO, Rep\u00fablica Dominicana.- El presidente Luis Abinader encabez\u00f3 este domingo el acto inaugural de la nueva carretera tur\u00edstica Gregorio Luper\u00f3n,<\/p>\n","protected":false},"author":3,"featured_media":13730,"comment_status":"open","ping_status":"closed","sticky":false,"template":"","format":"standard","meta":[],"categories":[3],"tags":[],"_links":{"self":[{"href":"https:\/\/hormigaradio.com\/index.php?rest_route=\/wp\/v2\/posts\/13727"}],"collection":[{"href":"https:\/\/hormigaradio.com\/index.php?rest_route=\/wp\/v2\/posts"}],"about":[{"href":"https:\/\/hormigaradio.com\/index.php?rest_route=\/wp\/v2\/types\/post"}],"author":[{"embeddable":true,"href":"https:\/\/hormigaradio.com\/index.php?rest_route=\/wp\/v2\/users\/3"}],"replies":[{"embeddable":true,"href":"https:\/\/hormigaradio.com\/index.php?rest_route=%2Fwp%2Fv2%2Fcomments&post=13727"}],"version-history":[{"count":3,"href":"https:\/\/hormigaradio.com\/index.php?rest_route=\/wp\/v2\/posts\/13727\/revisions"}],"predecessor-version":[{"id":13731,"href":"https:\/\/hormigaradio.com\/index.php?rest_route=\/wp\/v2\/posts\/13727\/revisions\/13731"}],"wp:featuredmedia":[{"embeddable":true,"href":"https:\/\/hormigaradio.com\/index.php?rest_route=\/wp\/v2\/media\/13730"}],"wp:attachment":[{"href":"https:\/\/hormigaradio.com\/index.php?rest_route=%2Fwp%2Fv2%2Fmedia&parent=13727"}],"wp:term":[{"taxonomy":"category","embeddable":true,"href":"https:\/\/hormigaradio.com\/index.php?rest_route=%2Fwp%2Fv2%2Fcategories&post=13727"},{"taxonomy":"post_tag","embeddable":true,"href":"https:\/\/hormigaradio.com\/index.php?rest_route=%2Fwp%2Fv2%2Ftags&post=13727"}],"curies":[{"name":"wp","href":"https:\/\/api.w.org\/{rel}","templated":true}]}}