{"id":13738,"date":"2021-08-26T02:55:09","date_gmt":"2021-08-26T02:55:09","guid":{"rendered":"http:\/\/hormigaradio.com\/?p=13738"},"modified":"2021-08-26T03:02:16","modified_gmt":"2021-08-26T03:02:16","slug":"jorge-mera-dice-que-la-sostenibilidad-no-es-retranca-del-desarrollo","status":"publish","type":"post","link":"https:\/\/hormigaradio.com\/?p=13738","title":{"rendered":"JORGE MERA DICE QUE LA SOSTENIBILIDAD NO ES RETRANCA DEL DESARROLLO"},"content":{"rendered":"<p><strong>H.R.<\/strong><\/p>\n<p>El ministro de Medio Ambiente, Orlando<br \/>\nJorge Mera, disert\u00f3 sobre \u201cDominicana Sostenible: Crecimiento Empresarial Eco-<br \/>\nConsciente y Globalmente Responsable\u201d en el Almuerzo Empresarial de Capex. En su<br \/>\ndisertaci\u00f3n, Jorge Mera cit\u00f3 las t\u00e1cticas encaminadas desde el gobierno dominicano<br \/>\npara asegurar la sostenibilidad.<\/p>\n<figure id=\"attachment_13740\" aria-describedby=\"caption-attachment-13740\" style=\"width: 715px\" class=\"wp-caption aligncenter\"><a href=\"http:\/\/hormigaradio.com\/wp-content\/uploads\/2021\/08\/FOTO-PRINCIPAL-01.jpg\"><img loading=\"lazy\" class=\"wp-image-13740 size-large\" src=\"http:\/\/hormigaradio.com\/wp-content\/uploads\/2021\/08\/FOTO-PRINCIPAL-01-1024x684.jpg\" alt=\"\" width=\"715\" height=\"478\" srcset=\"https:\/\/hormigaradio.com\/wp-content\/uploads\/2021\/08\/FOTO-PRINCIPAL-01-1024x684.jpg 1024w, https:\/\/hormigaradio.com\/wp-content\/uploads\/2021\/08\/FOTO-PRINCIPAL-01-300x201.jpg 300w, https:\/\/hormigaradio.com\/wp-content\/uploads\/2021\/08\/FOTO-PRINCIPAL-01-768x513.jpg 768w\" sizes=\"(max-width: 715px) 100vw, 715px\" \/><\/a><figcaption id=\"caption-attachment-13740\" class=\"wp-caption-text\"><em><strong>Miguel Lama, Milagros De Camps, Orlando Jorge Mera, Alvin Mart\u00ednez e Irving Mu\u00f1iz.<\/strong><\/em><\/figcaption><\/figure>\n<p>Jorge Mera destac\u00f3 la importancia de que las empresas adopten planes que permitan<br \/>\npreservar la biodiversidad y los ecosistemas, sin renunciar al progreso econ\u00f3mico y<br \/>\nsocial del pa\u00eds.<br \/>\n\u201cCada vez que una empresa logra reducir la cantidad de productos no conformes, es<br \/>\ngarant\u00eda de que se generar\u00e1n menos residuos en el proceso de producci\u00f3n, por ende,<br \/>\nesto significa menos inversi\u00f3n para el productor y tambi\u00e9n menos da\u00f1o al medio<br \/>\nambiente\u201d, dijo el ministro.<br \/>\nExplic\u00f3 que la sostenibilidad ambiental no es una retranca para el desarrollo de los<br \/>\npa\u00edses, ya que la misma establece una coyuntura especial para el progreso de<br \/>\nnovedosos m\u00e9todos productivos, adem\u00e1s de crear ventajas competitivas.<br \/>\nEl Almuerzo Empresarial es una plataforma dirigida a la clase empresarial de la regi\u00f3n<br \/>\nNorte. Es iniciativa de Capex, su socio AFP Siembra y la Corporaci\u00f3n Zona Franca<br \/>\nSantiago.<br \/>\nMiguel Lama, expres\u00f3 que la responsabilidad en la protecci\u00f3n del ambiente es una<br \/>\nlabor compartida entre la sociedad, el gobierno y las empresas. \u00a8Es un asunto donde<br \/>\nconverge la econom\u00eda, las pol\u00edticas p\u00fablicas y la garant\u00eda de que las presentes y futuras<br \/>\ngeneraciones disfruten de un entorno natural en igualdad de condiciones\u00a8, expres\u00f3 el<br \/>\nempresario, quien, adem\u00e1s cit\u00f3 los proyectos de energ\u00eda fotovoltaica -ZonaXol- el<br \/>\nParque Bot\u00e1nico y el Campus Tecnol\u00f3gico, impulsados por la instituci\u00f3n.<br \/>\nDesde Capex<br \/>\nCayra Bencosme, directora ejecutiva de Capex, inform\u00f3 que Almuerzo Empresarial est\u00e1<br \/>\na la disposici\u00f3n del empresariado de la regi\u00f3n Norte, a fin de generar sanos e<br \/>\nimportantes acercamientos con funcionarios de primer nivel y las personas que toman<br \/>\ndecisiones relevantes en el pa\u00eds.<\/p>\n<p>El ministro<br \/>\nDe su padre, expresidente de la Rep\u00fablica Dominicana, hered\u00f3 su inter\u00e9s por la<br \/>\npol\u00edtica, la cual ha perfilado con formaci\u00f3n, experiencias, responsabilidades de Estado<br \/>\ny ahora como ministro de Medio Ambiente y Recursos Naturales.<br \/>\nEgresado en Derecho, con el m\u00e9rito Summa Cum Laude, en la Pontificia Universidad<br \/>\nCat\u00f3lica Madre y Maestra, ha fungido como docente en Derecho Medi\u00e1tico; Derecho<br \/>\nAdministrativo e Introducci\u00f3n al Derecho.<br \/>\nActualmente realiza un doctorado en Derecho en la Universidad de Externado de<br \/>\nColombia y PUCMM. Durante el gobierno de Hip\u00f3lito Mej\u00eda, fue presidente del<br \/>\nINDOTEL.<br \/>\nEs miembro fundador del Partido Revolucionario Moderno (PRM).<\/p>\n<p>Impactos: 75<\/p>","protected":false},"excerpt":{"rendered":"<p>H.R. El ministro de Medio Ambiente, Orlando Jorge Mera, disert\u00f3 sobre \u201cDominicana Sostenible: Crecimiento Empresarial Eco- Consciente y Globalmente Responsable\u201d en el Almuerzo Empresarial<\/p>\n","protected":false},"author":3,"featured_media":13742,"comment_status":"open","ping_status":"closed","sticky":false,"template":"","format":"standard","meta":[],"categories":[5],"tags":[],"_links":{"self":[{"href":"https:\/\/hormigaradio.com\/index.php?rest_route=\/wp\/v2\/posts\/13738"}],"collection":[{"href":"https:\/\/hormigaradio.com\/index.php?rest_route=\/wp\/v2\/posts"}],"about":[{"href":"https:\/\/hormigaradio.com\/index.php?rest_route=\/wp\/v2\/types\/post"}],"author":[{"embeddable":true,"href":"https:\/\/hormigaradio.com\/index.php?rest_route=\/wp\/v2\/users\/3"}],"replies":[{"embeddable":true,"href":"https:\/\/hormigaradio.com\/index.php?rest_route=%2Fwp%2Fv2%2Fcomments&post=13738"}],"version-history":[{"count":3,"href":"https:\/\/hormigaradio.com\/index.php?rest_route=\/wp\/v2\/posts\/13738\/revisions"}],"predecessor-version":[{"id":13743,"href":"https:\/\/hormigaradio.com\/index.php?rest_route=\/wp\/v2\/posts\/13738\/revisions\/13743"}],"wp:featuredmedia":[{"embeddable":true,"href":"https:\/\/hormigaradio.com\/index.php?rest_route=\/wp\/v2\/media\/13742"}],"wp:attachment":[{"href":"https:\/\/hormigaradio.com\/index.php?rest_route=%2Fwp%2Fv2%2Fmedia&parent=13738"}],"wp:term":[{"taxonomy":"category","embeddable":true,"href":"https:\/\/hormigaradio.com\/index.php?rest_route=%2Fwp%2Fv2%2Fcategories&post=13738"},{"taxonomy":"post_tag","embeddable":true,"href":"https:\/\/hormigaradio.com\/index.php?rest_route=%2Fwp%2Fv2%2Ftags&post=13738"}],"curies":[{"name":"wp","href":"https:\/\/api.w.org\/{rel}","templated":true}]}}