{"id":13753,"date":"2021-08-27T13:06:07","date_gmt":"2021-08-27T13:06:07","guid":{"rendered":"http:\/\/hormigaradio.com\/?p=13753"},"modified":"2021-08-27T13:38:12","modified_gmt":"2021-08-27T13:38:12","slug":"santos-badia-expone-en-santiago-sobre-la-industria-4-0-y-el-futuro-del-empleo","status":"publish","type":"post","link":"https:\/\/hormigaradio.com\/?p=13753","title":{"rendered":"SANTOS BAD\u00cdA EXPONE EN SANTIAGO SOBRE \u201cLA INDUSTRIA 4.0 Y EL FUTURO DEL EMPLEO\u201d"},"content":{"rendered":"<p><strong>H.R.<\/strong><\/p>\n<p>El Director General del Instituto Nacional de Formaci\u00f3n T\u00e9cnico Profesional (INFOTEP), Rafael Santos Bad\u00eda, cit\u00f3 el impacto que provoca la industria 4.0 en los mercados laborales y el compromiso que, frente a ese desaf\u00edo, asume la entidad tripartita para contribuir a impulsar la competitividad del sector productivo del pa\u00eds.<\/p>\n<p><a href=\"http:\/\/hormigaradio.com\/wp-content\/uploads\/2021\/08\/WhatsApp-Image-2021-08-26-at-10.54.40-PM-1.jpeg\"><img loading=\"lazy\" class=\"aligncenter wp-image-13755 size-large\" src=\"http:\/\/hormigaradio.com\/wp-content\/uploads\/2021\/08\/WhatsApp-Image-2021-08-26-at-10.54.40-PM-1-1024x682.jpeg\" alt=\"\" width=\"715\" height=\"476\" srcset=\"https:\/\/hormigaradio.com\/wp-content\/uploads\/2021\/08\/WhatsApp-Image-2021-08-26-at-10.54.40-PM-1-1024x682.jpeg 1024w, https:\/\/hormigaradio.com\/wp-content\/uploads\/2021\/08\/WhatsApp-Image-2021-08-26-at-10.54.40-PM-1-300x200.jpeg 300w, https:\/\/hormigaradio.com\/wp-content\/uploads\/2021\/08\/WhatsApp-Image-2021-08-26-at-10.54.40-PM-1-768x512.jpeg 768w, https:\/\/hormigaradio.com\/wp-content\/uploads\/2021\/08\/WhatsApp-Image-2021-08-26-at-10.54.40-PM-1.jpeg 1280w\" sizes=\"(max-width: 715px) 100vw, 715px\" \/><\/a><\/p>\n<p>&nbsp;<\/p>\n<p>Santos Bad\u00eda present\u00f3 este jueves ante el empresariado, dirigentes laborales, funcionarios del Gobierno; as\u00ed como autoridades provinciales, legislativas y municipales de la Regi\u00f3n Norte del Pa\u00eds, el proyecto que desarrollar\u00e1 instituci\u00f3n en apoyo de la Industria 4.0 en la Rep\u00fablica Dominicana.<\/p>\n<p>\u201cLa Industria 4.0 va a generar nuevos modelos de negocio, nuevos productos y servicios, aumentando la productividad y generando nuevos puestos de trabajo cualificados en la industria\u201d, expuso Santos Bad\u00eda, al presentar la ponencia titulada \u201cIndustria 4.0 y el Futuro del Empleo\u201d.<\/p>\n<p>Manifest\u00f3 que la Revoluci\u00f3n Industrial 4.0 conlleva la digitalizaci\u00f3n de los procesos productivos en las industrias, en los servicios, en las empresas, en el Gobierno, en fin, en toda la actividad productiva que automatiza, robotiza e incorpora la inteligencia artificial.<\/p>\n<p>Santos Bad\u00eda proclam\u00f3 que \u201cya el futuro se hizo presente con la rob\u00f3tica y la revoluci\u00f3n industrial 4.0\u201d, por lo que la Rep\u00fablica Dominicana est\u00e1 convocada a ponerse a tono con los nuevos tiempos y las demandas de los sectores productivos de la naci\u00f3n, para continuar su desarrollo.<\/p>\n<p>Precis\u00f3 que \u201cel INFOTEP est\u00e1 consciente de que la Revoluci\u00f3n 4.0, llamada tambi\u00e9n Industria Inteligente o Ciber industria del futuro, implica la hiperconectividad de las personas, demanda una gran capacidad de almacenaje y procesamiento de datos y tambi\u00e9n de\u00a0 disciplinas como las neurociencias o la nanotecnolog\u00eda, que es lo que est\u00e1 cambiando al mundo\u201d.<\/p>\n<p>El director general de la entidad rectora de la formaci\u00f3n t\u00e9cnica profesional en el pa\u00eds, expuso que la Industria 4.0 va a generar nuevos modelos de negocio, as\u00ed como nuevos productos y servicios, y aumentar\u00e1 la productividad, con lo cual tambi\u00e9n generar\u00e1 nuevos puestos de trabajo cualificados en el mundo laboral.<\/p>\n<p><strong>\u00a0<\/strong><strong>Una mirada al porvenir<\/strong><\/p>\n<p>Motivado por las conclusiones y recomendaciones emanadas de la Consulta Nacional sobre el Futuro de la Formaci\u00f3n T\u00e9cnico Profesional, que desarroll\u00f3 la instituci\u00f3n durante tres meses, Santos Bad\u00eda asegur\u00f3 que se trat\u00f3 de \u201cuna mirada hacia el porvenir\u201d, dispensada, conjuntamente, con representantes de los sectores empresarial, gubernamental, laboral, acad\u00e9mico, religioso, profesional y comunitario, interno y externo.<\/p>\n<p>Las conclusiones y recomendaciones surgidas de ese evento, expuestas en el Gran Congreso Nacional los d\u00edas 28 y 29 de julio pasado, no dejaron dudas y giran en torno a cuatro ejes fundamentales, adoptados ya por el INFOTEP como br\u00fajula de su accionar en la elaboraci\u00f3n de la curr\u00edcula de formaci\u00f3n y capacitaci\u00f3n que debe aplicar en este tiempo.<\/p>\n<p>Estas propuestas estar\u00e1n vinculadas a la acelerada evoluci\u00f3n y continua innovaci\u00f3n en las ciencias, las tecnolog\u00edas, el medio ambiente y las econom\u00edas; as\u00ed como a la transformaci\u00f3n del trabajo, tanto en la automatizaci\u00f3n, robotizaci\u00f3n, el uso de la inteligencia artificial y al INTERNET de las cosas.<\/p>\n<p>Tambi\u00e9n, a la modificaci\u00f3n de la fuerza y la demanda de los mercados laborales en la Rep\u00fablica Dominicana, con la posibilidad de p\u00e9rdida o reestructuraci\u00f3n de muchos empleos tradicionales, debido a la robotizaci\u00f3n y a la automatizaci\u00f3n.<\/p>\n<p>Igualmente, a la transformaci\u00f3n de cientos de ocupaciones actuales para dar respuestas a las necesidades futuras de la producci\u00f3n y de los servicios en el pa\u00eds.<\/p>\n<p>El creciente desempleo (abierto, encubierto, estacional, estructural, coyuntural, voluntario o friccional, tecnol\u00f3gico, es otro de los ejes sobre los cuales el INFOTEP estructura su oferta formativa, previendo que en el futuro crecer\u00e1, con la desaparici\u00f3n de al menos la mitad de las ocupaciones y profesiones actuales.<\/p>\n<p>\u201cTodo esto podr\u00eda producirse en los pr\u00f3ximos 20 a\u00f1os, lo que requerir\u00e1 de pol\u00edticas p\u00fablicas nacionales creativas para ayudar a las familias de desempleados y a la existencia de un sector productivo fresco, din\u00e1mico, innovador y tecnificado, en la b\u00fasqueda de la competitividad nacional y extranjera\u201d.<\/p>\n<p><strong>\u00a0<\/strong><\/p>\n<p><strong>\u00a0<\/strong><\/p>\n<p>Impactos: 65<\/p>","protected":false},"excerpt":{"rendered":"<p>H.R. El Director General del Instituto Nacional de Formaci\u00f3n T\u00e9cnico Profesional (INFOTEP), Rafael Santos Bad\u00eda, cit\u00f3 el impacto que provoca la industria 4.0 en<\/p>\n","protected":false},"author":3,"featured_media":13754,"comment_status":"open","ping_status":"closed","sticky":false,"template":"","format":"standard","meta":[],"categories":[3],"tags":[],"_links":{"self":[{"href":"https:\/\/hormigaradio.com\/index.php?rest_route=\/wp\/v2\/posts\/13753"}],"collection":[{"href":"https:\/\/hormigaradio.com\/index.php?rest_route=\/wp\/v2\/posts"}],"about":[{"href":"https:\/\/hormigaradio.com\/index.php?rest_route=\/wp\/v2\/types\/post"}],"author":[{"embeddable":true,"href":"https:\/\/hormigaradio.com\/index.php?rest_route=\/wp\/v2\/users\/3"}],"replies":[{"embeddable":true,"href":"https:\/\/hormigaradio.com\/index.php?rest_route=%2Fwp%2Fv2%2Fcomments&post=13753"}],"version-history":[{"count":1,"href":"https:\/\/hormigaradio.com\/index.php?rest_route=\/wp\/v2\/posts\/13753\/revisions"}],"predecessor-version":[{"id":13756,"href":"https:\/\/hormigaradio.com\/index.php?rest_route=\/wp\/v2\/posts\/13753\/revisions\/13756"}],"wp:featuredmedia":[{"embeddable":true,"href":"https:\/\/hormigaradio.com\/index.php?rest_route=\/wp\/v2\/media\/13754"}],"wp:attachment":[{"href":"https:\/\/hormigaradio.com\/index.php?rest_route=%2Fwp%2Fv2%2Fmedia&parent=13753"}],"wp:term":[{"taxonomy":"category","embeddable":true,"href":"https:\/\/hormigaradio.com\/index.php?rest_route=%2Fwp%2Fv2%2Fcategories&post=13753"},{"taxonomy":"post_tag","embeddable":true,"href":"https:\/\/hormigaradio.com\/index.php?rest_route=%2Fwp%2Fv2%2Ftags&post=13753"}],"curies":[{"name":"wp","href":"https:\/\/api.w.org\/{rel}","templated":true}]}}