{"id":13759,"date":"2021-08-28T21:38:18","date_gmt":"2021-08-28T21:38:18","guid":{"rendered":"http:\/\/hormigaradio.com\/?p=13759"},"modified":"2021-08-28T21:38:18","modified_gmt":"2021-08-28T21:38:18","slug":"expresidente-hipolito-mejia-dice-luis-abinader-ha-manejado-bien-crisis","status":"publish","type":"post","link":"https:\/\/hormigaradio.com\/?p=13759","title":{"rendered":"EXPRESIDENTE HIP\u00d3LITO MEJ\u00cdA DICE LUIS ABINADER HA MANEJADO BIEN CRISIS"},"content":{"rendered":"<div class=\"article-body-content\">\n<p>Por\u00a0<a class=\"text-font font-700\" href=\"https:\/\/acento.com.do\/autor\/index.html?user_slug=mlaureano\">M\u00c1XIMO LAUREANO<\/a><\/p>\n<p>SANTIAGO DE LOS CABALLEROS, Rep\u00fablica Dominicana.- El expresidente de la Rep\u00fablica, Hip\u00f3lito Mej\u00eda, cree que la crisis generada por la pandemia del coronavirus ha sido bien manejada por las autoridades del Ministerio de Salud P\u00fablica y otras dependencias del Gobierno.<\/p>\n<p>Tambi\u00e9n valor\u00f3 como positivo el manejo econ\u00f3mico que ha mostrado el presidente Luis Abinader, con la agropecuaria, deportes y otros aspectos.<\/p>\n<p>\u201cNo estoy en la carpinter\u00eda pol\u00edtica, partidaria, pero participo en algunas decisiones de sectores macro\u201d, dijo Mej\u00eda, al ser preguntados por periodista a su llegada a la planta de la f\u00e1brica Cementos Cibao, donde el presidente Luis Abinader encabez\u00f3 un acto de inauguraci\u00f3n este viernes.<\/p>\n<p>Mej\u00eda defendi\u00f3 la pol\u00edtica aplicada por el Gobierno del Partido Revolucionario Moderno (PRM) y dijo que el pa\u00eds va por buen camino, a pesar de lo que dicen opositores.<\/p>\n<p>\u201cEn d\u00edas pasados, dijo un expresidente que no eran los n\u00fameros correctos. Pero, la respuesta de los organismos internacionales y el Banco Central, es absolutamente contraria a lo que \u00e9l dijo\u201d, refiri\u00f3 Mej\u00eda.<\/p>\n<p>En otro orden el exmandatario indic\u00f3 que valora cualquier propuesta de di\u00e1logo que se promueva entre sectores pol\u00edticos, aunque advirti\u00f3 que, &#8220;primero que no es f\u00e1cil poner de acuerdo a la gente y segundo que si va a una discusi\u00f3n con el expresidente Leonel Fern\u00e1ndez, no se sentar\u00eda a su lado, sino que lo ver\u00eda de \u201clejos\u201d.<\/p>\n<\/div>\n<p>Impactos: 205<\/p>","protected":false},"excerpt":{"rendered":"<p>Por\u00a0M\u00c1XIMO LAUREANO SANTIAGO DE LOS CABALLEROS, Rep\u00fablica Dominicana.- El expresidente de la Rep\u00fablica, Hip\u00f3lito Mej\u00eda, cree que la crisis generada por la pandemia del<\/p>\n","protected":false},"author":3,"featured_media":13760,"comment_status":"open","ping_status":"closed","sticky":false,"template":"","format":"standard","meta":[],"categories":[6],"tags":[],"_links":{"self":[{"href":"https:\/\/hormigaradio.com\/index.php?rest_route=\/wp\/v2\/posts\/13759"}],"collection":[{"href":"https:\/\/hormigaradio.com\/index.php?rest_route=\/wp\/v2\/posts"}],"about":[{"href":"https:\/\/hormigaradio.com\/index.php?rest_route=\/wp\/v2\/types\/post"}],"author":[{"embeddable":true,"href":"https:\/\/hormigaradio.com\/index.php?rest_route=\/wp\/v2\/users\/3"}],"replies":[{"embeddable":true,"href":"https:\/\/hormigaradio.com\/index.php?rest_route=%2Fwp%2Fv2%2Fcomments&post=13759"}],"version-history":[{"count":1,"href":"https:\/\/hormigaradio.com\/index.php?rest_route=\/wp\/v2\/posts\/13759\/revisions"}],"predecessor-version":[{"id":13761,"href":"https:\/\/hormigaradio.com\/index.php?rest_route=\/wp\/v2\/posts\/13759\/revisions\/13761"}],"wp:featuredmedia":[{"embeddable":true,"href":"https:\/\/hormigaradio.com\/index.php?rest_route=\/wp\/v2\/media\/13760"}],"wp:attachment":[{"href":"https:\/\/hormigaradio.com\/index.php?rest_route=%2Fwp%2Fv2%2Fmedia&parent=13759"}],"wp:term":[{"taxonomy":"category","embeddable":true,"href":"https:\/\/hormigaradio.com\/index.php?rest_route=%2Fwp%2Fv2%2Fcategories&post=13759"},{"taxonomy":"post_tag","embeddable":true,"href":"https:\/\/hormigaradio.com\/index.php?rest_route=%2Fwp%2Fv2%2Ftags&post=13759"}],"curies":[{"name":"wp","href":"https:\/\/api.w.org\/{rel}","templated":true}]}}