{"id":13762,"date":"2021-08-30T13:06:09","date_gmt":"2021-08-30T13:06:09","guid":{"rendered":"http:\/\/hormigaradio.com\/?p=13762"},"modified":"2021-08-30T13:07:09","modified_gmt":"2021-08-30T13:07:09","slug":"eduardo-estrella-participa-jornada-de-vacunacion-santiago","status":"publish","type":"post","link":"https:\/\/hormigaradio.com\/?p=13762","title":{"rendered":"EDUARDO ESTRELLA PARTICIPA JORNADA DE VACUNACI\u00d3N SANTIAGO"},"content":{"rendered":"<p><strong>H.R.<\/strong><\/p>\n<p>Santiago. La Oficina Senatorial de Santiago en coordinaci\u00f3n con la direcci\u00f3n provincial del ministerio de Salud P\u00fablica realizaron una jornada de vacunaci\u00f3n en el sector Las Cayenas Abajo de esta ciudad donde fueron vacunados cientos de personas.<\/p>\n<p><a href=\"http:\/\/hormigaradio.com\/wp-content\/uploads\/2021\/08\/WhatsApp-Image-2021-08-29-at-9.54.27-AM-1.jpeg\"><img loading=\"lazy\" class=\"alignleft size-medium wp-image-13763\" src=\"http:\/\/hormigaradio.com\/wp-content\/uploads\/2021\/08\/WhatsApp-Image-2021-08-29-at-9.54.27-AM-1-300x200.jpeg\" alt=\"\" width=\"300\" height=\"200\" srcset=\"https:\/\/hormigaradio.com\/wp-content\/uploads\/2021\/08\/WhatsApp-Image-2021-08-29-at-9.54.27-AM-1-300x200.jpeg 300w, https:\/\/hormigaradio.com\/wp-content\/uploads\/2021\/08\/WhatsApp-Image-2021-08-29-at-9.54.27-AM-1-768x512.jpeg 768w, https:\/\/hormigaradio.com\/wp-content\/uploads\/2021\/08\/WhatsApp-Image-2021-08-29-at-9.54.27-AM-1.jpeg 1024w\" sizes=\"(max-width: 300px) 100vw, 300px\" \/><\/a><\/p>\n<p>La jornada de vacunaci\u00f3n se realiz\u00f3 este s\u00e1bado 28 de agosto y tuvo como sede la Iglesia El Nazareno, adem\u00e1s de realizar visitas casa por casa, para aplicar, seg\u00fan los casos, la primera, segunda y tercera dosis de las vacunas en contra del Covid-19.<\/p>\n<p>Con esta iniciativa en las Cayenas Abajo, el senador de Santiago se une a los esfuerzos que realiza el Gabinete de Salud que encabezan la vicepresidente de la Rep\u00fablica Raquel Pe\u00f1a y el ministro de Salud P\u00fablica, doctor Daniel Rivera, para preservar la salud de los dominicanos.<\/p>\n<p>El presidente del Senado de la Rep\u00fablica Eduardo Estrella motiv\u00f3 a los residentes de ese sector a vacunarse, preservar su salud y la de sus familiares, evitando de esta manera, contagios, a la vez de disminuir la posibilidad de gravedad o mayores consecuencias de salud en caso de ser afectados por el virus.<\/p>\n<p>Adem\u00e1s de los puntos fijos de vacunaci\u00f3n, ubicados en toda la provincia, la jornada se extender\u00e1 en las pr\u00f3ximas semanas a otros sectores del municipio, para llegar de forma directa a la poblaci\u00f3n y lograr que el mayor n\u00famero de personas sea vacunado.<\/p>\n<p>Eduardo Estrella estuvo acompa\u00f1ado por el viceministro de Salud P\u00fablica, doctor Fernando Ure\u00f1a, Adalberto Pe\u00f1a, director provincial y el ingeniero H\u00e9ctor Villalona, director nacional de inspectores COVID.<\/p>\n<p>Estrella comparti\u00f3 de cerca, con varios j\u00f3venes inoculados y residentes de la comunidad a los que les prometi\u00f3 canalizar con el presidente Luis Abinader una soluci\u00f3n m\u00e1s definitiva a la contaminaci\u00f3n que se genera por la ca\u00f1ada del Arroyo de Gurabo en esa zona.<\/p>\n<p>Impactos: 61<\/p>","protected":false},"excerpt":{"rendered":"<p>H.R. Santiago. La Oficina Senatorial de Santiago en coordinaci\u00f3n con la direcci\u00f3n provincial del ministerio de Salud P\u00fablica realizaron una jornada de vacunaci\u00f3n en<\/p>\n","protected":false},"author":3,"featured_media":13764,"comment_status":"open","ping_status":"closed","sticky":false,"template":"","format":"standard","meta":[],"categories":[3],"tags":[],"_links":{"self":[{"href":"https:\/\/hormigaradio.com\/index.php?rest_route=\/wp\/v2\/posts\/13762"}],"collection":[{"href":"https:\/\/hormigaradio.com\/index.php?rest_route=\/wp\/v2\/posts"}],"about":[{"href":"https:\/\/hormigaradio.com\/index.php?rest_route=\/wp\/v2\/types\/post"}],"author":[{"embeddable":true,"href":"https:\/\/hormigaradio.com\/index.php?rest_route=\/wp\/v2\/users\/3"}],"replies":[{"embeddable":true,"href":"https:\/\/hormigaradio.com\/index.php?rest_route=%2Fwp%2Fv2%2Fcomments&post=13762"}],"version-history":[{"count":1,"href":"https:\/\/hormigaradio.com\/index.php?rest_route=\/wp\/v2\/posts\/13762\/revisions"}],"predecessor-version":[{"id":13765,"href":"https:\/\/hormigaradio.com\/index.php?rest_route=\/wp\/v2\/posts\/13762\/revisions\/13765"}],"wp:featuredmedia":[{"embeddable":true,"href":"https:\/\/hormigaradio.com\/index.php?rest_route=\/wp\/v2\/media\/13764"}],"wp:attachment":[{"href":"https:\/\/hormigaradio.com\/index.php?rest_route=%2Fwp%2Fv2%2Fmedia&parent=13762"}],"wp:term":[{"taxonomy":"category","embeddable":true,"href":"https:\/\/hormigaradio.com\/index.php?rest_route=%2Fwp%2Fv2%2Fcategories&post=13762"},{"taxonomy":"post_tag","embeddable":true,"href":"https:\/\/hormigaradio.com\/index.php?rest_route=%2Fwp%2Fv2%2Ftags&post=13762"}],"curies":[{"name":"wp","href":"https:\/\/api.w.org\/{rel}","templated":true}]}}