{"id":13772,"date":"2021-08-31T05:22:54","date_gmt":"2021-08-31T05:22:54","guid":{"rendered":"http:\/\/hormigaradio.com\/?p=13772"},"modified":"2021-08-31T05:23:02","modified_gmt":"2021-08-31T05:23:02","slug":"pueblos-de-la-sierra-marchan-en-rechazo-construccion-presa-las-placetas","status":"publish","type":"post","link":"https:\/\/hormigaradio.com\/?p=13772","title":{"rendered":"PUEBLOS DE LA SIERRA MARCHAN EN RECHAZO CONSTRUCCI\u00d3N PRESA LAS PLACETAS"},"content":{"rendered":"<div class=\"article-body-content\">\n<p>Por\u00a0<a class=\"text-font font-700\" href=\"https:\/\/acento.com.do\/autor\/index.html?user_slug=mlaureano\">M\u00c1XIMO LAUREANO<\/a><\/p>\n<p>SANTIAGO, Rep\u00fablica Dominicana.-Activistas sociales, ambientalistas y comunitarios de las comunidades de La Sierra protestaron con una marcha en el municipio de San Jos\u00e9 de las Matas (Cordillera Central) en rechazo a la construcci\u00f3n de una\u00a0 presa en Las Placentas.<\/p>\n<p>Los activistas rechazan la obra de infraestructura porque a su juicio dejar\u00eda sin agua a miles de familias .<\/p>\n<p>Yesenia Caba, vocera de los manifestantes, destac\u00f3 que la foresa en La Sierra es la fuente de ingreso m\u00e1s sostenible y de aportes a la reducci\u00f3n del impacto del cambio clim\u00e1tico.<\/p>\n<p>\u201cSolicitamos al presidente de la Rep\u00fablica Luis Abinader Corona intervenir de manera inmediata para desestimar la continuidad de la construcci\u00f3n de la presa Las Placetas, y desestimar el otorgamiento de licencias o permisos a favor del referido proyecto\u201d, expres\u00f3 Yesenia Caba.<\/p>\n<p>Apoyaron la protesta la Asociaci\u00f3n de Caficultores de Rinc\u00f3n de Piedras, Junta Campesina de Pedregal, la Comisi\u00f3n Municipal de J\u00e1nico, el Consejo de Desarrollo de Carrizal, Junta de Vecinos de Gu\u00e1zuma, Fundaeguas-Juncalito, Uni\u00f3n de Choferes de Sajoma, Junta de Vecinos de Corozo, Comisi\u00f3n Municipal Bao-Jagua, Asociaci\u00f3n de Comerciantes de El Rubio, Consejo Municipal Ambiental de Sajoma, Fundaci\u00f3n Naturaleza Viva, Fundaci\u00f3n Ecol\u00f3gica Tropical, entre otras.<\/p>\n<p><iframe loading=\"lazy\" src=\"https:\/\/player.vimeo.com\/video\/594723179?h=a121616a21&amp;color=ef0000\" width=\"640\" height=\"352\" frameborder=\"0\" allowfullscreen=\"allowfullscreen\" data-mce-fragment=\"1\"><\/iframe><\/p>\n<\/div>\n<div id=\"tags\" class=\"tags flex-container align-center flex-wrap\"><\/div>\n<p>Impactos: 2072<\/p>","protected":false},"excerpt":{"rendered":"<p>Por\u00a0M\u00c1XIMO LAUREANO SANTIAGO, Rep\u00fablica Dominicana.-Activistas sociales, ambientalistas y comunitarios de las comunidades de La Sierra protestaron con una marcha en el municipio de San<\/p>\n","protected":false},"author":3,"featured_media":13774,"comment_status":"open","ping_status":"closed","sticky":false,"template":"","format":"standard","meta":[],"categories":[5],"tags":[],"_links":{"self":[{"href":"https:\/\/hormigaradio.com\/index.php?rest_route=\/wp\/v2\/posts\/13772"}],"collection":[{"href":"https:\/\/hormigaradio.com\/index.php?rest_route=\/wp\/v2\/posts"}],"about":[{"href":"https:\/\/hormigaradio.com\/index.php?rest_route=\/wp\/v2\/types\/post"}],"author":[{"embeddable":true,"href":"https:\/\/hormigaradio.com\/index.php?rest_route=\/wp\/v2\/users\/3"}],"replies":[{"embeddable":true,"href":"https:\/\/hormigaradio.com\/index.php?rest_route=%2Fwp%2Fv2%2Fcomments&post=13772"}],"version-history":[{"count":2,"href":"https:\/\/hormigaradio.com\/index.php?rest_route=\/wp\/v2\/posts\/13772\/revisions"}],"predecessor-version":[{"id":13776,"href":"https:\/\/hormigaradio.com\/index.php?rest_route=\/wp\/v2\/posts\/13772\/revisions\/13776"}],"wp:featuredmedia":[{"embeddable":true,"href":"https:\/\/hormigaradio.com\/index.php?rest_route=\/wp\/v2\/media\/13774"}],"wp:attachment":[{"href":"https:\/\/hormigaradio.com\/index.php?rest_route=%2Fwp%2Fv2%2Fmedia&parent=13772"}],"wp:term":[{"taxonomy":"category","embeddable":true,"href":"https:\/\/hormigaradio.com\/index.php?rest_route=%2Fwp%2Fv2%2Fcategories&post=13772"},{"taxonomy":"post_tag","embeddable":true,"href":"https:\/\/hormigaradio.com\/index.php?rest_route=%2Fwp%2Fv2%2Ftags&post=13772"}],"curies":[{"name":"wp","href":"https:\/\/api.w.org\/{rel}","templated":true}]}}