{"id":13777,"date":"2021-08-31T05:26:55","date_gmt":"2021-08-31T05:26:55","guid":{"rendered":"http:\/\/hormigaradio.com\/?p=13777"},"modified":"2021-08-31T05:33:14","modified_gmt":"2021-08-31T05:33:14","slug":"denuncian-maltrato-a-joven-privada-de-libertad-centro-penitenciario-puerto-plata-video","status":"publish","type":"post","link":"https:\/\/hormigaradio.com\/?p=13777","title":{"rendered":"DENUNCIAN MALTRATO A  JOVEN PRIVADA DE LIBERTAD  CENTRO  PENITENCIARIO PUERTO PLATA (V\u00eddeo)"},"content":{"rendered":"<div class=\"article-body-content\">\n<p>Por\u00a0<a class=\"text-font font-700\" href=\"https:\/\/acento.com.do\/autor\/index.html?user_slug=mlaureano\">M\u00c1XIMO LAUREANO<\/a><\/p>\n<p>MOCA, Rep\u00fablica Dominicana.-El activista social del Monumento Social Los Peregrinos de Moca, Juanchy Compr\u00e9s, denunci\u00f3 que una joven de esa ciudad que cumple prisi\u00f3n en Puerto Plata es maltratada por una &#8220;prob\u00f3&#8221; del reclusorio, que le cort\u00f3 el pelo y le provoc\u00f3 quemaduras que han puesto en riesgo su vida.<\/p>\n<p>Compr\u00e9s hizo un llamado a la Procuradur\u00eda General de la Rep\u00fablica y la Comisi\u00f3n de los Derechos Humanos, para act\u00faen en defensa de la joven. Seg\u00fan explic\u00f3 Compr\u00e9s, se trata de la joven Mildred Medrano V\u00e1squez, quien cumple una condena por violaci\u00f3n a la Ley\u00a0sobre Drogas y Sustancias Controladas.<\/p>\n<p>&#8220;Hacemos el llamado a las autoridades, para que se haga una investigaci\u00f3n respecto a este caso, para garantizar la vida de la reclusa&#8221;, dijo el activista social.<\/p>\n<p><iframe loading=\"lazy\" src=\"https:\/\/player.vimeo.com\/video\/594711478?h=dd08c108b8\" width=\"640\" height=\"360\" frameborder=\"0\" allowfullscreen=\"allowfullscreen\" data-mce-fragment=\"1\"><\/iframe><\/p>\n<\/div>\n<p>Impactos: 3237<\/p>","protected":false},"excerpt":{"rendered":"<p>Por\u00a0M\u00c1XIMO LAUREANO MOCA, Rep\u00fablica Dominicana.-El activista social del Monumento Social Los Peregrinos de Moca, Juanchy Compr\u00e9s, denunci\u00f3 que una joven de esa ciudad que<\/p>\n","protected":false},"author":3,"featured_media":13780,"comment_status":"open","ping_status":"closed","sticky":false,"template":"","format":"standard","meta":[],"categories":[3],"tags":[],"_links":{"self":[{"href":"https:\/\/hormigaradio.com\/index.php?rest_route=\/wp\/v2\/posts\/13777"}],"collection":[{"href":"https:\/\/hormigaradio.com\/index.php?rest_route=\/wp\/v2\/posts"}],"about":[{"href":"https:\/\/hormigaradio.com\/index.php?rest_route=\/wp\/v2\/types\/post"}],"author":[{"embeddable":true,"href":"https:\/\/hormigaradio.com\/index.php?rest_route=\/wp\/v2\/users\/3"}],"replies":[{"embeddable":true,"href":"https:\/\/hormigaradio.com\/index.php?rest_route=%2Fwp%2Fv2%2Fcomments&post=13777"}],"version-history":[{"count":3,"href":"https:\/\/hormigaradio.com\/index.php?rest_route=\/wp\/v2\/posts\/13777\/revisions"}],"predecessor-version":[{"id":13781,"href":"https:\/\/hormigaradio.com\/index.php?rest_route=\/wp\/v2\/posts\/13777\/revisions\/13781"}],"wp:featuredmedia":[{"embeddable":true,"href":"https:\/\/hormigaradio.com\/index.php?rest_route=\/wp\/v2\/media\/13780"}],"wp:attachment":[{"href":"https:\/\/hormigaradio.com\/index.php?rest_route=%2Fwp%2Fv2%2Fmedia&parent=13777"}],"wp:term":[{"taxonomy":"category","embeddable":true,"href":"https:\/\/hormigaradio.com\/index.php?rest_route=%2Fwp%2Fv2%2Fcategories&post=13777"},{"taxonomy":"post_tag","embeddable":true,"href":"https:\/\/hormigaradio.com\/index.php?rest_route=%2Fwp%2Fv2%2Ftags&post=13777"}],"curies":[{"name":"wp","href":"https:\/\/api.w.org\/{rel}","templated":true}]}}