{"id":13789,"date":"2021-09-02T03:58:32","date_gmt":"2021-09-02T03:58:32","guid":{"rendered":"http:\/\/hormigaradio.com\/?p=13789"},"modified":"2021-09-02T04:04:37","modified_gmt":"2021-09-02T04:04:37","slug":"fernando-capellan-sugiere-prioridades-para-discusiones-en-el-dialogo-nacional","status":"publish","type":"post","link":"https:\/\/hormigaradio.com\/?p=13789","title":{"rendered":"FERNANDO CAPELL\u00c1N SUGIERE PRIORIDADES PARA DISCUSIONES EN EL DI\u00c1LOGO NACIONAL"},"content":{"rendered":"<div class=\"article-body-content\">\n<p>Por\u00a0<a class=\"text-font font-700\" href=\"https:\/\/acento.com.do\/autor\/index.html?user_slug=mlaureano\">M\u00c1XIMO LAUREANO<\/a><\/p>\n<p>SANTIAGO DE LOS CABALLEROS, Rep\u00fablica Dominicana.- El empresario Fernando Capell\u00e1n sugiri\u00f3 que en la discusi\u00f3n que conlleva el Di\u00e1logo Nacional se debatan los temas en un orden de prioridad y que se dejen los aspectos que suelen generar divisi\u00f3n, para las \u00faltimas fases.<\/p>\n<figure id=\"attachment_13791\" aria-describedby=\"caption-attachment-13791\" style=\"width: 300px\" class=\"wp-caption alignleft\"><a href=\"http:\/\/hormigaradio.com\/wp-content\/uploads\/2021\/09\/capellan.jpg\"><img loading=\"lazy\" class=\"wp-image-13791 size-medium\" src=\"http:\/\/hormigaradio.com\/wp-content\/uploads\/2021\/09\/capellan-300x300.jpg\" alt=\"\" width=\"300\" height=\"300\" srcset=\"https:\/\/hormigaradio.com\/wp-content\/uploads\/2021\/09\/capellan-300x300.jpg 300w, https:\/\/hormigaradio.com\/wp-content\/uploads\/2021\/09\/capellan-150x150.jpg 150w, https:\/\/hormigaradio.com\/wp-content\/uploads\/2021\/09\/capellan-768x768.jpg 768w, https:\/\/hormigaradio.com\/wp-content\/uploads\/2021\/09\/capellan-215x215.jpg 215w, https:\/\/hormigaradio.com\/wp-content\/uploads\/2021\/09\/capellan.jpg 960w\" sizes=\"(max-width: 300px) 100vw, 300px\" \/><\/a><figcaption id=\"caption-attachment-13791\" class=\"wp-caption-text\"><strong><em>Fernando Capell\u00e1n de CIP y CODEVI.<\/em><\/strong><\/figcaption><\/figure>\n<p>En un mensaje que ha titulado \u201cLas Reformas\u201d colocado en su cuenta de Twitter, el empresario del \u00e1rea de zona franca, ha sumado varias propuestas de temas, los cuales considera deben estar en primera fase de discusi\u00f3n.<\/p>\n<p>\u201cLas Reformas. Una matriz con cada tema, analizar los f\u00e1ciles y concluir con esos, dejar de \u00faltimo donde hay m\u00e1s diferencias, la representatividad es un aspecto clave y debe ser parte de las decisiones. El consenso une, los votos dividen\u201d, escribi\u00f3 Fernando Capell\u00e1n.<\/p>\n<p>Transparencia e institucionalidad (Reforma constitucional, altas cortes, justicia independiente), transformaci\u00f3n digital, reforma laboral, hidrocarburos, agua, electricidad, salud y seguridad social, son de las propuestas que sugiere el empresario Capell\u00e1n, como parte de las discusiones que se han iniciado con los representantes pol\u00edticos y de otros sectores que participan en las tomas de decisiones, en el pa\u00eds.<\/p>\n<div class=\"twitter-tweet twitter-tweet-rendered\"><iframe id=\"twitter-widget-0\" class=\"\" title=\"Twitter Tweet\" src=\"https:\/\/platform.twitter.com\/embed\/Tweet.html?creatorScreenName=Frontaly&amp;dnt=false&amp;embedId=twitter-widget-0&amp;features=eyJ0ZndfZXhwZXJpbWVudHNfY29va2llX2V4cGlyYXRpb24iOnsiYnVja2V0IjoxMjA5NjAwLCJ2ZXJzaW9uIjpudWxsfSwidGZ3X2hvcml6b25fdHdlZXRfZW1iZWRfOTU1NSI6eyJidWNrZXQiOiJodGUiLCJ2ZXJzaW9uIjpudWxsfSwidGZ3X3NwYWNlX2NhcmQiOnsiYnVja2V0Ijoib2ZmIiwidmVyc2lvbiI6bnVsbH19&amp;frame=false&amp;hideCard=false&amp;hideThread=false&amp;id=1432704839394418690&amp;lang=es&amp;origin=https%3A%2F%2Facento.com.do%2Factualidad%2Ffernando-capellan-sugiere-prioridades-para-discusiones-en-el-dialogo-nacional-8981319.html&amp;sessionId=43b0507dc6c9b3c44ac9546876b67991419d5044&amp;siteScreenName=acentodiario&amp;theme=light&amp;widgetsVersion=1890d59c%3A1627936082797&amp;width=550px\" frameborder=\"0\" scrolling=\"no\" allowfullscreen=\"allowfullscreen\" data-tweet-id=\"1432704839394418690\" data-mce-fragment=\"1\"><\/iframe><\/div>\n<\/div>\n<div id=\"tags\" class=\"tags flex-container align-center flex-wrap\"><a class=\"single-tag\" href=\"https:\/\/acento.com.do\/tags.html?tag=fernando-capellan\">FERNANDO CAPELL\u00c1N<\/a><a class=\"single-tag\" href=\"https:\/\/acento.com.do\/tags.html?tag=twitter\">TWITTER<\/a><\/div>\n<p>Impactos: 75<\/p>","protected":false},"excerpt":{"rendered":"<p>Por\u00a0M\u00c1XIMO LAUREANO SANTIAGO DE LOS CABALLEROS, Rep\u00fablica Dominicana.- El empresario Fernando Capell\u00e1n sugiri\u00f3 que en la discusi\u00f3n que conlleva el Di\u00e1logo Nacional se debatan<\/p>\n","protected":false},"author":3,"featured_media":13793,"comment_status":"open","ping_status":"closed","sticky":false,"template":"","format":"standard","meta":[],"categories":[6],"tags":[],"_links":{"self":[{"href":"https:\/\/hormigaradio.com\/index.php?rest_route=\/wp\/v2\/posts\/13789"}],"collection":[{"href":"https:\/\/hormigaradio.com\/index.php?rest_route=\/wp\/v2\/posts"}],"about":[{"href":"https:\/\/hormigaradio.com\/index.php?rest_route=\/wp\/v2\/types\/post"}],"author":[{"embeddable":true,"href":"https:\/\/hormigaradio.com\/index.php?rest_route=\/wp\/v2\/users\/3"}],"replies":[{"embeddable":true,"href":"https:\/\/hormigaradio.com\/index.php?rest_route=%2Fwp%2Fv2%2Fcomments&post=13789"}],"version-history":[{"count":4,"href":"https:\/\/hormigaradio.com\/index.php?rest_route=\/wp\/v2\/posts\/13789\/revisions"}],"predecessor-version":[{"id":13795,"href":"https:\/\/hormigaradio.com\/index.php?rest_route=\/wp\/v2\/posts\/13789\/revisions\/13795"}],"wp:featuredmedia":[{"embeddable":true,"href":"https:\/\/hormigaradio.com\/index.php?rest_route=\/wp\/v2\/media\/13793"}],"wp:attachment":[{"href":"https:\/\/hormigaradio.com\/index.php?rest_route=%2Fwp%2Fv2%2Fmedia&parent=13789"}],"wp:term":[{"taxonomy":"category","embeddable":true,"href":"https:\/\/hormigaradio.com\/index.php?rest_route=%2Fwp%2Fv2%2Fcategories&post=13789"},{"taxonomy":"post_tag","embeddable":true,"href":"https:\/\/hormigaradio.com\/index.php?rest_route=%2Fwp%2Fv2%2Ftags&post=13789"}],"curies":[{"name":"wp","href":"https:\/\/api.w.org\/{rel}","templated":true}]}}