{"id":13821,"date":"2021-09-05T21:09:22","date_gmt":"2021-09-05T21:09:22","guid":{"rendered":"http:\/\/hormigaradio.com\/?p=13821"},"modified":"2021-09-05T21:17:40","modified_gmt":"2021-09-05T21:17:40","slug":"juramentan-a-johanna-benoit-como-secretaria-general-del-sntp-filial-santiago","status":"publish","type":"post","link":"https:\/\/hormigaradio.com\/?p=13821","title":{"rendered":"JURAMENTAN A JOHANNA BENOIT COMO SECRETARIA GENERAL DEL SNTP FILIAL SANTIAGO"},"content":{"rendered":"<p><strong>H.R,<\/strong><\/p>\n<p>SANTIAGO, Rep\u00fablica Dominicana. El Sindicato Nacional de Trabajadores de la Prensa (SNTP), jurament\u00f3 a la periodista Johanna Benoit como secretaria general de la filial Santiago para el periodo 2021-2023.<\/p>\n<p>La nueva directiva \u201cLiderazgo Integral\u201d la completan Alberto Mota, secretario de Organizaci\u00f3n; Jos\u00e9 Manuel Castillo, Tesorero; Ana Altagracia Azcona, secretaria de Educaci\u00f3n; Ram\u00f3n Bierd, secretario de Comunicaciones; Vicente Hern\u00e1ndez, secretario de Actas y Correspondencias.<\/p>\n<figure id=\"attachment_13825\" aria-describedby=\"caption-attachment-13825\" style=\"width: 715px\" class=\"wp-caption alignleft\"><a href=\"http:\/\/hormigaradio.com\/wp-content\/uploads\/2021\/09\/Juramentaci\u00f3n-nueva-directiva.jpg\"><img loading=\"lazy\" class=\"wp-image-13825 size-large\" src=\"http:\/\/hormigaradio.com\/wp-content\/uploads\/2021\/09\/Juramentaci\u00f3n-nueva-directiva-1024x678.jpg\" alt=\"\" width=\"715\" height=\"473\" srcset=\"https:\/\/hormigaradio.com\/wp-content\/uploads\/2021\/09\/Juramentaci\u00f3n-nueva-directiva-1024x678.jpg 1024w, https:\/\/hormigaradio.com\/wp-content\/uploads\/2021\/09\/Juramentaci\u00f3n-nueva-directiva-300x199.jpg 300w, https:\/\/hormigaradio.com\/wp-content\/uploads\/2021\/09\/Juramentaci\u00f3n-nueva-directiva-768x509.jpg 768w\" sizes=\"(max-width: 715px) 100vw, 715px\" \/><\/a><figcaption id=\"caption-attachment-13825\" class=\"wp-caption-text\"><em><strong>Jos\u00e9 Beato juramenta a la directiva del SNTP\/Santiago.<\/strong><\/em><\/figcaption><\/figure>\n<p>Adem\u00e1s, Anaida Polanco, secretaria de Reclamos y Conflictos, Arelis Ar\u00e1mboles y Wilson Aracena, vocales. El tribunal disciplinario lo preside Edward Fern\u00e1ndez y lo integran: William Espinosa, Luis D\u2019 Aza y el comisario Rafael Clase.<\/p>\n<p>El equipo fue juramentado por el secretario nacional del SNTP, Jos\u00e9 Beato.<\/p>\n<p>Al pronunciar el discurso central, Benoit, quien sustituye en el cargo a Jos\u00e9 Alfredo Espinal, dijo que este reto la compromete a continuar el trabajo que se ha venido realizando para el fortalecimiento institucional.<\/p>\n<p>En su gesti\u00f3n promete impulsar la uni\u00f3n, el fortalecimiento, la actualizaci\u00f3n profesional, los proyectos de responsabilidad social e intercambios culturales dentro y fuera del pa\u00eds.<\/p>\n<p>\u201cNuestro equipo realizar\u00e1 alianzas estrat\u00e9gicas cimentadas en la capacitaci\u00f3n profesional, enlaces con instituciones p\u00fablicas, privadas, y actividades recreativas para la membres\u00eda y sus familiares\u201d, destac\u00f3 Benoit.<\/p>\n<p>De igual manera se comprometi\u00f3 a impulsar campa\u00f1as educativas, de integraci\u00f3n y canales de comunicaci\u00f3n, \u201cpues queremos estar presentes en las plataformas sociales para que el gremio tenga visibilidad\u201d.<\/p>\n<p>Durante el acto de juramentaci\u00f3n, realizado en el sal\u00f3n de eventos del CODIA, el secretario general saliente present\u00f3 sus memorias de gesti\u00f3n.<\/p>\n<p>\u201cA pesar de dirigir un gremio en medio de una crisis sanitaria mundial que impact\u00f3 considerablemente nuestro pa\u00eds, logramos realizar una gesti\u00f3n en consonancia con las expectativas \u201c, expres\u00f3 Jos\u00e9 Alfredo Espinal.<\/p>\n<p>La actividad fue bendecida por monse\u00f1or Ram\u00f3n Benito de La Rosa y Carpio, arzobispo em\u00e9rito de la Arquidi\u00f3cesis de Santiago.<\/p>\n<p>Respaldaron la actividad: Ingeniero Ram\u00f3n Ortiz y dem\u00e1s autoridades Del Colegio Dominicano de Ingenieros, Arquitectos y Agrimensores (CODIA), Banda de M\u00fasica de la Segunda Brigada de Infanter\u00eda del Ej\u00e9rcito de Rep\u00fablica Dominicana, Sonr\u00edete, agencia de comunicaci\u00f3n, Swisher Dominicana, Proindustria, Gobernaci\u00f3n Provincial de Santiago, Publimiscel, Mota Producciones, el diputado F\u00e9lix Michell Rodr\u00edguez, Baldwin Agencia de Viajes, florister\u00eda La Primavera, CNTT Juan Marte, Banda Real, Cooperativa San Miguel y la direcci\u00f3n del Partido Revolucionario Moderno en Santiago.<\/p>\n<p>Impactos: 56<\/p>","protected":false},"excerpt":{"rendered":"<p>H.R, SANTIAGO, Rep\u00fablica Dominicana. El Sindicato Nacional de Trabajadores de la Prensa (SNTP), jurament\u00f3 a la periodista Johanna Benoit como secretaria general de la<\/p>\n","protected":false},"author":3,"featured_media":13823,"comment_status":"open","ping_status":"closed","sticky":false,"template":"","format":"standard","meta":[],"categories":[3],"tags":[],"_links":{"self":[{"href":"https:\/\/hormigaradio.com\/index.php?rest_route=\/wp\/v2\/posts\/13821"}],"collection":[{"href":"https:\/\/hormigaradio.com\/index.php?rest_route=\/wp\/v2\/posts"}],"about":[{"href":"https:\/\/hormigaradio.com\/index.php?rest_route=\/wp\/v2\/types\/post"}],"author":[{"embeddable":true,"href":"https:\/\/hormigaradio.com\/index.php?rest_route=\/wp\/v2\/users\/3"}],"replies":[{"embeddable":true,"href":"https:\/\/hormigaradio.com\/index.php?rest_route=%2Fwp%2Fv2%2Fcomments&post=13821"}],"version-history":[{"count":3,"href":"https:\/\/hormigaradio.com\/index.php?rest_route=\/wp\/v2\/posts\/13821\/revisions"}],"predecessor-version":[{"id":13826,"href":"https:\/\/hormigaradio.com\/index.php?rest_route=\/wp\/v2\/posts\/13821\/revisions\/13826"}],"wp:featuredmedia":[{"embeddable":true,"href":"https:\/\/hormigaradio.com\/index.php?rest_route=\/wp\/v2\/media\/13823"}],"wp:attachment":[{"href":"https:\/\/hormigaradio.com\/index.php?rest_route=%2Fwp%2Fv2%2Fmedia&parent=13821"}],"wp:term":[{"taxonomy":"category","embeddable":true,"href":"https:\/\/hormigaradio.com\/index.php?rest_route=%2Fwp%2Fv2%2Fcategories&post=13821"},{"taxonomy":"post_tag","embeddable":true,"href":"https:\/\/hormigaradio.com\/index.php?rest_route=%2Fwp%2Fv2%2Ftags&post=13821"}],"curies":[{"name":"wp","href":"https:\/\/api.w.org\/{rel}","templated":true}]}}