{"id":13831,"date":"2021-09-07T04:16:07","date_gmt":"2021-09-07T04:16:07","guid":{"rendered":"http:\/\/hormigaradio.com\/?p=13831"},"modified":"2021-09-07T04:50:41","modified_gmt":"2021-09-07T04:50:41","slug":"gobierno-elimina-el-dicom-y-llevan-a-milagros-german-a-cultura","status":"publish","type":"post","link":"https:\/\/hormigaradio.com\/?p=13831","title":{"rendered":"TRAS DEFICIENCIA COMO VOCERA DEL GOBIERNO; PRESIDENTE PREMIA A MILAGROS  GERM\u00c1N  COMO  MINISTRA DE  CULTURA"},"content":{"rendered":"<p><strong>H.R.<\/strong><\/p>\n<p>El presidente\u00a0 de la Rep\u00fablica, Luis Abenader,\u00a0 disolvi\u00f3 la Direcci\u00f3n de Comunicaci\u00f3n Gubernamental\u00a0 (DICOM) y destituy\u00f3 como directora de este organismo\u00a0 estatal,\u00a0 a la comunicadora y `productora de programas de televisi\u00f3n, Milagros Germ\u00e1n,\u00a0 quien se hab\u00eda desempe\u00f1ado como\u00a0 vocera del Gobierno, desde el 16 de agosto del 2020.<\/p>\n<figure id=\"attachment_13835\" aria-describedby=\"caption-attachment-13835\" style=\"width: 300px\" class=\"wp-caption alignleft\"><a href=\"http:\/\/hormigaradio.com\/wp-content\/uploads\/2021\/09\/Milagros-Germ\u00e1n.jpg\"><img loading=\"lazy\" class=\"wp-image-13835 size-medium\" src=\"http:\/\/hormigaradio.com\/wp-content\/uploads\/2021\/09\/Milagros-Germ\u00e1n-300x236.jpg\" alt=\"\" width=\"300\" height=\"236\" srcset=\"https:\/\/hormigaradio.com\/wp-content\/uploads\/2021\/09\/Milagros-Germ\u00e1n-300x236.jpg 300w, https:\/\/hormigaradio.com\/wp-content\/uploads\/2021\/09\/Milagros-Germ\u00e1n-768x604.jpg 768w, https:\/\/hormigaradio.com\/wp-content\/uploads\/2021\/09\/Milagros-Germ\u00e1n-1024x805.jpg 1024w\" sizes=\"(max-width: 300px) 100vw, 300px\" \/><\/a><figcaption id=\"caption-attachment-13835\" class=\"wp-caption-text\"><em><strong>Milagros Germ\u00e1n. Foto de Mery Ann Escolastico, acento.com.do<\/strong><\/em><\/figcaption><\/figure>\n<p>La Diva, como se conoce a Milagros Germ\u00e1n,\u00a0 fue sustituida por el periodista Homero Figueroa.<\/p>\n<p>Milagros Germ\u00e1n\u00a0 fue designada como nueva ministra de Cultura, en lugar de Carmen Heredia,\u00a0 quien\u00a0 fue designada como asesora cultural del Gobierno.<\/p>\n<p>Impactos: 51<\/p>","protected":false},"excerpt":{"rendered":"<p>H.R. El presidente\u00a0 de la Rep\u00fablica, Luis Abenader,\u00a0 disolvi\u00f3 la Direcci\u00f3n de Comunicaci\u00f3n Gubernamental\u00a0 (DICOM) y destituy\u00f3 como directora de este organismo\u00a0 estatal,\u00a0 a<\/p>\n","protected":false},"author":3,"featured_media":12219,"comment_status":"open","ping_status":"closed","sticky":false,"template":"","format":"standard","meta":[],"categories":[3],"tags":[],"_links":{"self":[{"href":"https:\/\/hormigaradio.com\/index.php?rest_route=\/wp\/v2\/posts\/13831"}],"collection":[{"href":"https:\/\/hormigaradio.com\/index.php?rest_route=\/wp\/v2\/posts"}],"about":[{"href":"https:\/\/hormigaradio.com\/index.php?rest_route=\/wp\/v2\/types\/post"}],"author":[{"embeddable":true,"href":"https:\/\/hormigaradio.com\/index.php?rest_route=\/wp\/v2\/users\/3"}],"replies":[{"embeddable":true,"href":"https:\/\/hormigaradio.com\/index.php?rest_route=%2Fwp%2Fv2%2Fcomments&post=13831"}],"version-history":[{"count":5,"href":"https:\/\/hormigaradio.com\/index.php?rest_route=\/wp\/v2\/posts\/13831\/revisions"}],"predecessor-version":[{"id":13837,"href":"https:\/\/hormigaradio.com\/index.php?rest_route=\/wp\/v2\/posts\/13831\/revisions\/13837"}],"wp:featuredmedia":[{"embeddable":true,"href":"https:\/\/hormigaradio.com\/index.php?rest_route=\/wp\/v2\/media\/12219"}],"wp:attachment":[{"href":"https:\/\/hormigaradio.com\/index.php?rest_route=%2Fwp%2Fv2%2Fmedia&parent=13831"}],"wp:term":[{"taxonomy":"category","embeddable":true,"href":"https:\/\/hormigaradio.com\/index.php?rest_route=%2Fwp%2Fv2%2Fcategories&post=13831"},{"taxonomy":"post_tag","embeddable":true,"href":"https:\/\/hormigaradio.com\/index.php?rest_route=%2Fwp%2Fv2%2Ftags&post=13831"}],"curies":[{"name":"wp","href":"https:\/\/api.w.org\/{rel}","templated":true}]}}