{"id":13838,"date":"2021-09-07T06:14:28","date_gmt":"2021-09-07T06:14:28","guid":{"rendered":"http:\/\/hormigaradio.com\/?p=13838"},"modified":"2021-09-07T06:17:28","modified_gmt":"2021-09-07T06:17:28","slug":"exdirector-coraasan-dice-hay-agua-suficiente-pero-institucion-se-ha-politizado","status":"publish","type":"post","link":"https:\/\/hormigaradio.com\/?p=13838","title":{"rendered":"EXDIRECTOR CORAASAN DICE HAY AGUA SUFICIENTE, PERO INSTITUCI\u00d3N SE HA POLITIZADO"},"content":{"rendered":"<p>Por\u00a0<a class=\"text-font font-700\" href=\"https:\/\/acento.com.do\/autor\/index.html?user_slug=mlaureano\">M\u00c1XIMO LAUREANO<\/a><\/p>\n<p>SANTIAGO DE LOS CABALLEROS, Rep\u00fablica Dominicana.-\u00a0El exdirector de la Corporaci\u00f3n de Acueducto y Alcaltarillado de Santiago (Coraasan) H\u00e1mlet Ot\u00e1\u00f1ez Tejada afirm\u00f3 que las deficiencias en los servicios a la poblaci\u00f3n de esta instituci\u00f3n obedece a que &#8220;la dependencia estatal se ha politizado mucho&#8221;.<\/p>\n<figure id=\"attachment_13841\" aria-describedby=\"caption-attachment-13841\" style=\"width: 300px\" class=\"wp-caption alignleft\"><a href=\"http:\/\/hormigaradio.com\/wp-content\/uploads\/2021\/09\/WhatsApp-Image-2021-09-07-at-2.04.32-AM.jpeg\"><img loading=\"lazy\" class=\"wp-image-13841 size-medium\" src=\"http:\/\/hormigaradio.com\/wp-content\/uploads\/2021\/09\/WhatsApp-Image-2021-09-07-at-2.04.32-AM-300x188.jpeg\" alt=\"\" width=\"300\" height=\"188\" srcset=\"https:\/\/hormigaradio.com\/wp-content\/uploads\/2021\/09\/WhatsApp-Image-2021-09-07-at-2.04.32-AM-300x188.jpeg 300w, https:\/\/hormigaradio.com\/wp-content\/uploads\/2021\/09\/WhatsApp-Image-2021-09-07-at-2.04.32-AM-768x480.jpeg 768w, https:\/\/hormigaradio.com\/wp-content\/uploads\/2021\/09\/WhatsApp-Image-2021-09-07-at-2.04.32-AM-1024x640.jpeg 1024w, https:\/\/hormigaradio.com\/wp-content\/uploads\/2021\/09\/WhatsApp-Image-2021-09-07-at-2.04.32-AM-115x73.jpeg 115w, https:\/\/hormigaradio.com\/wp-content\/uploads\/2021\/09\/WhatsApp-Image-2021-09-07-at-2.04.32-AM.jpeg 1080w\" sizes=\"(max-width: 300px) 100vw, 300px\" \/><\/a><figcaption id=\"caption-attachment-13841\" class=\"wp-caption-text\"><strong>H\u00e1mlet Ot\u00e1\u00f1ez Tejada.<\/strong><\/figcaption><\/figure>\n<p>Ot\u00e1nez Tejada, dirigente del partido Fuerza del Pueblo y quien fuera director general de la Coraasan (1996\/2000 y 2004\/2012) considera que en la actualidad hay producci\u00f3n de agua suficiente para suplir la demanda de Santiago de los Caballeros, pero que hace falta un mejor manejo en la distribuci\u00f3n y que se tomen cuenta algunos aspectos t\u00e9cnicos que &#8220;han quedado bajo la sombra de los intereses pol\u00edticos&#8221;.<\/p>\n<p>\u201cYo quiero subir la discusi\u00f3n a otro nivel; es que Coraasan se ha politizado mucho, hay un proceso de politizaci\u00f3n. Hay cuadros t\u00e9cnicos que usted tiene que conservar\u201d, dijo el exfuncionario, al responder preguntas de los periodistas Jos\u00e9 Alfredo Espinal y Javier Taveras, en el canal de televisi\u00f3n local Luna TV.<\/p>\n<p>Seg\u00fan las valoraciones de Ot\u00e1\u00f1ez Tejada, con los acueductos de Cienfuegos (Santiago Oeste) y La Canela, la producci\u00f3n de agua potable, para Santiago, en su parte urbana, ha aumentado considerablemente, por lo que no se explica, que haya situaciones que originen quejas de los usuarios.<\/p>\n<p>Para el exdirector de la Coraasan, una situaci\u00f3n que se debe tomar en cuenta es que en la mayor\u00eda de las zonas los usuarios tienen el mismo medidor de hace 10 a\u00f1os, cuando estos dispositivos deben ser cambiados o por lo menos revisados cada cinco a\u00f1os.<\/p>\n<p>Agreg\u00f3 que situaciones como estas hacen que no se pueda medir toda el agua que se consume, lo que se\u00a0 suma como p\u00e9rdida para la instituci\u00f3n<\/p>\n<p>Impactos: 42<\/p>","protected":false},"excerpt":{"rendered":"<p>Por\u00a0M\u00c1XIMO LAUREANO SANTIAGO DE LOS CABALLEROS, Rep\u00fablica Dominicana.-\u00a0El exdirector de la Corporaci\u00f3n de Acueducto y Alcaltarillado de Santiago (Coraasan) H\u00e1mlet Ot\u00e1\u00f1ez Tejada afirm\u00f3 que<\/p>\n","protected":false},"author":3,"featured_media":2682,"comment_status":"open","ping_status":"closed","sticky":false,"template":"","format":"standard","meta":[],"categories":[3],"tags":[],"_links":{"self":[{"href":"https:\/\/hormigaradio.com\/index.php?rest_route=\/wp\/v2\/posts\/13838"}],"collection":[{"href":"https:\/\/hormigaradio.com\/index.php?rest_route=\/wp\/v2\/posts"}],"about":[{"href":"https:\/\/hormigaradio.com\/index.php?rest_route=\/wp\/v2\/types\/post"}],"author":[{"embeddable":true,"href":"https:\/\/hormigaradio.com\/index.php?rest_route=\/wp\/v2\/users\/3"}],"replies":[{"embeddable":true,"href":"https:\/\/hormigaradio.com\/index.php?rest_route=%2Fwp%2Fv2%2Fcomments&post=13838"}],"version-history":[{"count":3,"href":"https:\/\/hormigaradio.com\/index.php?rest_route=\/wp\/v2\/posts\/13838\/revisions"}],"predecessor-version":[{"id":13842,"href":"https:\/\/hormigaradio.com\/index.php?rest_route=\/wp\/v2\/posts\/13838\/revisions\/13842"}],"wp:featuredmedia":[{"embeddable":true,"href":"https:\/\/hormigaradio.com\/index.php?rest_route=\/wp\/v2\/media\/2682"}],"wp:attachment":[{"href":"https:\/\/hormigaradio.com\/index.php?rest_route=%2Fwp%2Fv2%2Fmedia&parent=13838"}],"wp:term":[{"taxonomy":"category","embeddable":true,"href":"https:\/\/hormigaradio.com\/index.php?rest_route=%2Fwp%2Fv2%2Fcategories&post=13838"},{"taxonomy":"post_tag","embeddable":true,"href":"https:\/\/hormigaradio.com\/index.php?rest_route=%2Fwp%2Fv2%2Ftags&post=13838"}],"curies":[{"name":"wp","href":"https:\/\/api.w.org\/{rel}","templated":true}]}}