{"id":13865,"date":"2021-09-08T17:38:16","date_gmt":"2021-09-08T17:38:16","guid":{"rendered":"http:\/\/hormigaradio.com\/?p=13865"},"modified":"2021-09-08T17:38:16","modified_gmt":"2021-09-08T17:38:16","slug":"proindustria-firma-acuerdo-de-cooperacion-con-universidad-isa","status":"publish","type":"post","link":"https:\/\/hormigaradio.com\/?p=13865","title":{"rendered":"PROINDUSTRIA FIRMA ACUERDO DE COOPERACI\u00d3N CON UNIVERSIDAD ISA"},"content":{"rendered":"<p><strong>H.R.<\/strong><\/p>\n<p style=\"font-weight: 400;\">Para continuar fortaleciendo y apoyando la industria nacional, el Centro de Desarrollo y Competitividad Industrial\u00a0<strong>(PROINDUSTRIA)\u00a0<\/strong>y la Universidad Superior de Agricultura\u00a0<strong>(ISA)<\/strong>\u00a0suscribieron un acuerdo de cooperaci\u00f3n de soporte a las Mipymes.<\/p>\n<p style=\"font-weight: 400;\">El convenio fue suscrito en la sede de ISA, por el director general de Proindustria, Ulises Rodr\u00edguez y el rector de la universidad, Benito Ferreiras.<\/p>\n<figure id=\"attachment_13866\" aria-describedby=\"caption-attachment-13866\" style=\"width: 300px\" class=\"wp-caption alignleft\"><a href=\"http:\/\/hormigaradio.com\/wp-content\/uploads\/2021\/09\/Director-general-de-Proindustria-Ulises-Rodr\u00edguez-y-el-rector-de-la-Universidad-ISA-Benito-Ferreiras..jpeg\"><img loading=\"lazy\" class=\"wp-image-13866 size-medium\" src=\"http:\/\/hormigaradio.com\/wp-content\/uploads\/2021\/09\/Director-general-de-Proindustria-Ulises-Rodr\u00edguez-y-el-rector-de-la-Universidad-ISA-Benito-Ferreiras.-300x225.jpeg\" alt=\"\" width=\"300\" height=\"225\" srcset=\"https:\/\/hormigaradio.com\/wp-content\/uploads\/2021\/09\/Director-general-de-Proindustria-Ulises-Rodr\u00edguez-y-el-rector-de-la-Universidad-ISA-Benito-Ferreiras.-300x225.jpeg 300w, https:\/\/hormigaradio.com\/wp-content\/uploads\/2021\/09\/Director-general-de-Proindustria-Ulises-Rodr\u00edguez-y-el-rector-de-la-Universidad-ISA-Benito-Ferreiras.-768x576.jpeg 768w, https:\/\/hormigaradio.com\/wp-content\/uploads\/2021\/09\/Director-general-de-Proindustria-Ulises-Rodr\u00edguez-y-el-rector-de-la-Universidad-ISA-Benito-Ferreiras.-1024x768.jpeg 1024w, https:\/\/hormigaradio.com\/wp-content\/uploads\/2021\/09\/Director-general-de-Proindustria-Ulises-Rodr\u00edguez-y-el-rector-de-la-Universidad-ISA-Benito-Ferreiras..jpeg 1600w\" sizes=\"(max-width: 300px) 100vw, 300px\" \/><\/a><figcaption id=\"caption-attachment-13866\" class=\"wp-caption-text\"><strong>Ulises Rodr\u00edguez y Benito Ferreiras.<\/strong><\/figcaption><\/figure>\n<p style=\"font-weight: 400;\">Mediante el acuerdo ambas instituciones se comprometieron a trabajar\u00a0en el dise\u00f1o, desarrollo de actividades y proyectos destinados al fortalecimiento de iniciativas de emprendimiento e innovaci\u00f3n tecnol\u00f3gica.<\/p>\n<p style=\"font-weight: 400;\">Ulises Rodr\u00edguez, destac\u00f3 que\u00a0con esta alianza se invierte seguro en la eficiencia de los sectores productivos y el desarrollo econ\u00f3mico y social.<\/p>\n<p style=\"font-weight: 400;\">Mientras que, Benito Ferreiras indic\u00f3 que la visi\u00f3n de ISA, es la de impulsar la innovaci\u00f3n tecnol\u00f3gica y el desarrollo sustentable con equidad.<\/p>\n<p style=\"font-weight: 400;\">El documento establece que,<strong>\u00a0<\/strong>a trav\u00e9s de la Direcci\u00f3n de Servicios de Apoyo a la Industria, se podr\u00e1n canalizar capacitaciones a los emprendedores, para que est\u00e9n en condiciones de desarrollar sus proyectos manufactureros, acompa\u00f1\u00e1ndolos y asisti\u00e9ndolos durante la preincubaci\u00f3n e incubaci\u00f3n de los mismos.<\/p>\n<p style=\"font-weight: 400;\">La iniciativa de PROINDUSTRIA e ISA se enmarca en las pol\u00edticas trazadas por el gobierno del presidente Luis Abinader para incentivar los sectores productivos.<\/p>\n<p style=\"font-weight: 400;\">Este acuerdo que tiene una duraci\u00f3n de cuatro a\u00f1os, est\u00e1 contemplado dentro del Plan Estrat\u00e9gico 2021-2024 de PROINDUSTRIA que establece dentro de las l\u00edneas de acci\u00f3n \u201cimpulsar programas de capacitaci\u00f3n y asesor\u00edas para las MIPYMES orientados a mejorar su productividad, competitividad y capacidad de incorporaci\u00f3n y generaci\u00f3n de innovaciones.<\/p>\n<p>Impactos: 33<\/p>","protected":false},"excerpt":{"rendered":"<p>H.R. Para continuar fortaleciendo y apoyando la industria nacional, el Centro de Desarrollo y Competitividad Industrial\u00a0(PROINDUSTRIA)\u00a0y la Universidad Superior de Agricultura\u00a0(ISA)\u00a0suscribieron un acuerdo de<\/p>\n","protected":false},"author":3,"featured_media":13866,"comment_status":"open","ping_status":"closed","sticky":false,"template":"","format":"standard","meta":[],"categories":[3],"tags":[],"_links":{"self":[{"href":"https:\/\/hormigaradio.com\/index.php?rest_route=\/wp\/v2\/posts\/13865"}],"collection":[{"href":"https:\/\/hormigaradio.com\/index.php?rest_route=\/wp\/v2\/posts"}],"about":[{"href":"https:\/\/hormigaradio.com\/index.php?rest_route=\/wp\/v2\/types\/post"}],"author":[{"embeddable":true,"href":"https:\/\/hormigaradio.com\/index.php?rest_route=\/wp\/v2\/users\/3"}],"replies":[{"embeddable":true,"href":"https:\/\/hormigaradio.com\/index.php?rest_route=%2Fwp%2Fv2%2Fcomments&post=13865"}],"version-history":[{"count":1,"href":"https:\/\/hormigaradio.com\/index.php?rest_route=\/wp\/v2\/posts\/13865\/revisions"}],"predecessor-version":[{"id":13868,"href":"https:\/\/hormigaradio.com\/index.php?rest_route=\/wp\/v2\/posts\/13865\/revisions\/13868"}],"wp:featuredmedia":[{"embeddable":true,"href":"https:\/\/hormigaradio.com\/index.php?rest_route=\/wp\/v2\/media\/13866"}],"wp:attachment":[{"href":"https:\/\/hormigaradio.com\/index.php?rest_route=%2Fwp%2Fv2%2Fmedia&parent=13865"}],"wp:term":[{"taxonomy":"category","embeddable":true,"href":"https:\/\/hormigaradio.com\/index.php?rest_route=%2Fwp%2Fv2%2Fcategories&post=13865"},{"taxonomy":"post_tag","embeddable":true,"href":"https:\/\/hormigaradio.com\/index.php?rest_route=%2Fwp%2Fv2%2Ftags&post=13865"}],"curies":[{"name":"wp","href":"https:\/\/api.w.org\/{rel}","templated":true}]}}