{"id":13882,"date":"2021-09-09T02:28:55","date_gmt":"2021-09-09T02:28:55","guid":{"rendered":"http:\/\/hormigaradio.com\/?p=13882"},"modified":"2021-09-09T02:31:16","modified_gmt":"2021-09-09T02:31:16","slug":"presidente-abinader-para-mi-es-un-compromiso-sagrado-acabar-con-la-impunidad-y-la-corrupcion","status":"publish","type":"post","link":"https:\/\/hormigaradio.com\/?p=13882","title":{"rendered":"PRESIDENTE ABINADER: \u201cPARA MI ES UN COMPROMISO SAGRADO ACABAR CON LA IMPUNIDAD Y LA CORRUPCI\u00d3N\u201d"},"content":{"rendered":"<p><strong>H.R.<\/strong><\/p>\n<p>Santo Domingo. El Presidente Luis Abinader reiter\u00f3 este mi\u00e9rcoles al ser abordado por miembros de la prensa, que durante su gesti\u00f3n de gobierno, en este pa\u00eds no hay vacas sagradas y que continuar\u00e1n luchando contra la corrupci\u00f3n y el crimen organizado, caiga quien caiga.<\/p>\n<p><a href=\"http:\/\/hormigaradio.com\/wp-content\/uploads\/2021\/09\/WhatsApp-Image-2021-09-08-at-6.44.16-PM-1.jpeg\"><img loading=\"lazy\" class=\"alignleft size-medium wp-image-13886\" src=\"http:\/\/hormigaradio.com\/wp-content\/uploads\/2021\/09\/WhatsApp-Image-2021-09-08-at-6.44.16-PM-1-300x200.jpeg\" alt=\"\" width=\"300\" height=\"200\" srcset=\"https:\/\/hormigaradio.com\/wp-content\/uploads\/2021\/09\/WhatsApp-Image-2021-09-08-at-6.44.16-PM-1-300x200.jpeg 300w, https:\/\/hormigaradio.com\/wp-content\/uploads\/2021\/09\/WhatsApp-Image-2021-09-08-at-6.44.16-PM-1-768x512.jpeg 768w, https:\/\/hormigaradio.com\/wp-content\/uploads\/2021\/09\/WhatsApp-Image-2021-09-08-at-6.44.16-PM-1.jpeg 1015w\" sizes=\"(max-width: 300px) 100vw, 300px\" \/><\/a><\/p>\n<p>\u201cYo le promet\u00ed a este pa\u00eds que no iba a haber impunidad, le promet\u00ed a este pa\u00eds que iba a haber un Ministerio P\u00fablico que iba a actuar caiga quien caiga y eso es lo que se est\u00e1 ejerciendo\u201d, enfatiz\u00f3 el mandatario.<\/p>\n<p>Record\u00f3 que acabar con la impunidad y la protecci\u00f3n en la corrupci\u00f3n administrativa y el crimen organizado es un compromiso sagrado que asumi\u00f3 con el pa\u00eds.<\/p>\n<p>Estas declaraciones se producen a ra\u00edz de la Operaci\u00f3n Falc\u00f3n, puesta en marcha por el Ministerio P\u00fablico, y que sali\u00f3 a la luz este mi\u00e9rcoles 9 de septiembre, a lo que el gobernante respondi\u00f3: \u201cespero tambi\u00e9n que la DNCD, el Ministerio P\u00fablico y la Procuradur\u00eda den los detalles de toda esta operaci\u00f3n\u201d.<\/p>\n<p>El presidente fue abordado al asistir al lanzamiento del Proyecto Protoprint 3D en el Instituto Tecnol\u00f3gico de Las Am\u00e9ricas (ITLA).<\/p>\n<p>Impactos: 48<\/p>","protected":false},"excerpt":{"rendered":"<p>H.R. Santo Domingo. El Presidente Luis Abinader reiter\u00f3 este mi\u00e9rcoles al ser abordado por miembros de la prensa, que durante su gesti\u00f3n de gobierno,<\/p>\n","protected":false},"author":3,"featured_media":13884,"comment_status":"open","ping_status":"closed","sticky":false,"template":"","format":"standard","meta":[],"categories":[3],"tags":[],"_links":{"self":[{"href":"https:\/\/hormigaradio.com\/index.php?rest_route=\/wp\/v2\/posts\/13882"}],"collection":[{"href":"https:\/\/hormigaradio.com\/index.php?rest_route=\/wp\/v2\/posts"}],"about":[{"href":"https:\/\/hormigaradio.com\/index.php?rest_route=\/wp\/v2\/types\/post"}],"author":[{"embeddable":true,"href":"https:\/\/hormigaradio.com\/index.php?rest_route=\/wp\/v2\/users\/3"}],"replies":[{"embeddable":true,"href":"https:\/\/hormigaradio.com\/index.php?rest_route=%2Fwp%2Fv2%2Fcomments&post=13882"}],"version-history":[{"count":3,"href":"https:\/\/hormigaradio.com\/index.php?rest_route=\/wp\/v2\/posts\/13882\/revisions"}],"predecessor-version":[{"id":13887,"href":"https:\/\/hormigaradio.com\/index.php?rest_route=\/wp\/v2\/posts\/13882\/revisions\/13887"}],"wp:featuredmedia":[{"embeddable":true,"href":"https:\/\/hormigaradio.com\/index.php?rest_route=\/wp\/v2\/media\/13884"}],"wp:attachment":[{"href":"https:\/\/hormigaradio.com\/index.php?rest_route=%2Fwp%2Fv2%2Fmedia&parent=13882"}],"wp:term":[{"taxonomy":"category","embeddable":true,"href":"https:\/\/hormigaradio.com\/index.php?rest_route=%2Fwp%2Fv2%2Fcategories&post=13882"},{"taxonomy":"post_tag","embeddable":true,"href":"https:\/\/hormigaradio.com\/index.php?rest_route=%2Fwp%2Fv2%2Ftags&post=13882"}],"curies":[{"name":"wp","href":"https:\/\/api.w.org\/{rel}","templated":true}]}}