{"id":13899,"date":"2021-09-11T04:09:25","date_gmt":"2021-09-11T04:09:25","guid":{"rendered":"http:\/\/hormigaradio.com\/?p=13899"},"modified":"2021-09-11T04:12:05","modified_gmt":"2021-09-11T04:12:05","slug":"ministerio-publico-ha-incautado-mas-de-us-4-millones-en-operacion-falcon-video","status":"publish","type":"post","link":"https:\/\/hormigaradio.com\/?p=13899","title":{"rendered":"MINISTERIO P\u00daBLICO HA INCAUTADO M\u00c1S DE $US 4 MILLONES EN OPERACI\u00d3N FALC\u00d3N (V\u00eddeo)"},"content":{"rendered":"<p>Por\u00a0<a class=\"text-font font-700\" href=\"https:\/\/acento.com.do\/autor\/index.html?user_slug=mlaureano\">M\u00c1XIMO LAUREANO<\/a><\/p>\n<p>SANTIAGO DE LOS CABALLEROS, Rep\u00fablica Dominicana.- El fiscal titular del distrito judicial de Santiago, Osvaldo Bonilla, confirm\u00f3 que\u00a0 este domingo 12 se decidir\u00e1 sobre la medida de coerci\u00f3n contra los sometidos por la Operaci\u00f3n Falc\u00f3n contra el narcotr\u00e1fico en marcha.<\/p>\n<figure id=\"attachment_13900\" aria-describedby=\"caption-attachment-13900\" style=\"width: 300px\" class=\"wp-caption alignleft\"><a href=\"http:\/\/hormigaradio.com\/wp-content\/uploads\/2021\/09\/WhatsApp-Image-2021-09-10-at-4.42.12-PM.jpeg\"><img loading=\"lazy\" class=\"wp-image-13900 size-medium\" src=\"http:\/\/hormigaradio.com\/wp-content\/uploads\/2021\/09\/WhatsApp-Image-2021-09-10-at-4.42.12-PM-300x225.jpeg\" alt=\"\" width=\"300\" height=\"225\" srcset=\"https:\/\/hormigaradio.com\/wp-content\/uploads\/2021\/09\/WhatsApp-Image-2021-09-10-at-4.42.12-PM-300x225.jpeg 300w, https:\/\/hormigaradio.com\/wp-content\/uploads\/2021\/09\/WhatsApp-Image-2021-09-10-at-4.42.12-PM-768x576.jpeg 768w, https:\/\/hormigaradio.com\/wp-content\/uploads\/2021\/09\/WhatsApp-Image-2021-09-10-at-4.42.12-PM-1024x768.jpeg 1024w, https:\/\/hormigaradio.com\/wp-content\/uploads\/2021\/09\/WhatsApp-Image-2021-09-10-at-4.42.12-PM.jpeg 1600w\" sizes=\"(max-width: 300px) 100vw, 300px\" \/><\/a><figcaption id=\"caption-attachment-13900\" class=\"wp-caption-text\"><em>Osvaldo Bonilla.<\/em><\/figcaption><\/figure>\n<p>Dijo que en los operativos vinculados al caso se han encontrado unos 4 millones de d\u00f3lares y m\u00e1s de 100 veh\u00edculos han sido retenidos,\u00a0 entre otras evidencias que ser\u00e1n presentadas por el Ministerio P\u00fablico en el proceso para sustentar las acusaciones.<\/p>\n<p>En relaci\u00f3n con los apresados que han sido puestos en libertad se limit\u00f3 a declarar que los fiscales del Ministerio P\u00fablico encargados del proceso eval\u00faan a los se\u00f1alados y las pruebas y deja afuera de manera definitiva o provisional a aquellos que se comprueba que no tienen v\u00ednculos evidentes con el caso.<\/p>\n<p>Por lo mismo, la tarde de este viernes fue liberada la joven presentadora de televisi\u00f3n Dianabel G\u00f3mez, favorecida con una &#8220;libertad motivada&#8221;; es decir, que puede ser requerida en el futuro si\u00a0 as\u00ed las autoridades consideran pertinente.<\/p>\n<p>Otros inicialmente imputados en el caso se beneficiaron con la misma condici\u00f3n de G\u00f3mez tambi\u00e9n habr\u00edan sido liberados.<\/p>\n<p>\u201cContinuamos los allanamientos, anoche se hicieron m\u00e1s allanamientos y seguimos levantando evidencias relacionadas con esta gran estructura criminal que operaba desde Santiago, la parte este del pa\u00eds y Santo Domingo\u201d, a\u00f1adi\u00f3 Bonilla.<\/p>\n<p><iframe loading=\"lazy\" src=\"https:\/\/player.vimeo.com\/video\/602146458?h=17b0b5fe20&amp;color=ef0000\" width=\"640\" height=\"360\" frameborder=\"0\" allowfullscreen=\"allowfullscreen\" data-mce-fragment=\"1\"><\/iframe><\/p>\n<p>Los imputados son Mar\u00eda Olimpia Tavares Rodr\u00edguez (Oli y\/o La Princesa); Juan Maldonado Castro (Marcial y\/o El L\u00edder), V\u00edctor Elpidio Altagracia Paulino Herrera (El Gordo), Luis Daniel Nieves Batista, Adolfo Antonio Torres Sanabia (Tony y\/o Presidente), Julio C\u00e9sar Jim\u00e9nez Talavera (dom\u00ednico-venezolano) y Juan Bautista Carpio Reynoso.<\/p>\n<p>Tambi\u00e9n, Jos\u00e9 Alejandro de la Cruz Morales, Omar (La Mo\u00f1a); Ra\u00fal Antonio Castro Mota, Yana Iris Maldonado Castro, Ang\u00e9lica Mar\u00eda Maldonado Peralta, Lenin Bladimir Torres Bueno, Marisol L\u00f3pez Ceballos, Delfina Asunci\u00f3n Polanco, Ana Margarita Collado Marte, Erich Fernando Mel\u00e9ndez G\u00f3mez, Jos\u00e9 Miguel Castillo Taveras (Migue), Elva Teresa Polanco, Juan Carlos Dur\u00e1n Rodr\u00edguez, Javier Antonio Tavares Rodr\u00edguez y Felipe Espino Germ\u00e1n.<\/p>\n<p>\u201cEstamos en un proceso medianamente inicial, para determinar con certeza, pero el Ministerio P\u00fablico tiene unas amplias l\u00edneas de investigaci\u00f3n que est\u00e1 llevando y que en su momento estaremos informando a la poblaci\u00f3n\u201d, a\u00f1adi\u00f3 el fiscal Bonilla Hiraldo.<\/p>\n<div id=\"news-4-13\" class=\"banner-box dfp-async loaded\" data-bannerdesktop=\"true\" data-bannermobile=\"true\" data-google-query-id=\"CP3Os66E9vICFUoHwwodlK4NPA\">\n<div id=\"google_ads_iframe_5168668\/News_Middle_02_0__container__\">\u201cSe trata -prosigui\u00f3- de una investigaci\u00f3n compleja que el Ministerio P\u00fablico, con otras agencias del Estado ha venido trabajando por un largo tiempo, pero en estos \u00faltimos 5 d\u00edas hemos trabajado de una manera muy intensa, bajo la coordinaci\u00f3n de la magistrada Miriam Germ\u00e1n, que ha estado muy atenta al proceso de investigaci\u00f3n\u201d.<\/div>\n<\/div>\n<p>Resalt\u00f3 que el equipo de fiscales, bajo la coordinaci\u00f3n de la Direcci\u00f3n General de Persecuci\u00f3n del Ministerio P\u00fablico, que encabeza la procuradora adjunta Yeni Berenice Reynoso, solicit\u00f3 a la Oficina Judicial de Servicios de Atenci\u00f3n Permanente de Santiago la declaratoria de \u201ccaso complejo\u201d y prisi\u00f3n preventiva por 18 meses contra 21 de los arrestados en la Operaci\u00f3n Falc\u00f3n.<\/p>\n<p><strong>Antes:<\/strong><\/p>\n<h1 class=\"font-700\"><a href=\"https:\/\/acento.com.do\/actualidad\/dianabel-gomez-queda-en-libertad-8984306.html\">Dianabel G\u00f3mez queda en libertad<\/a><\/h1>\n<p>Impactos: 43<\/p>","protected":false},"excerpt":{"rendered":"<p>Por\u00a0M\u00c1XIMO LAUREANO SANTIAGO DE LOS CABALLEROS, Rep\u00fablica Dominicana.- El fiscal titular del distrito judicial de Santiago, Osvaldo Bonilla, confirm\u00f3 que\u00a0 este domingo 12 se<\/p>\n","protected":false},"author":3,"featured_media":13900,"comment_status":"open","ping_status":"closed","sticky":false,"template":"","format":"standard","meta":[],"categories":[3],"tags":[],"_links":{"self":[{"href":"https:\/\/hormigaradio.com\/index.php?rest_route=\/wp\/v2\/posts\/13899"}],"collection":[{"href":"https:\/\/hormigaradio.com\/index.php?rest_route=\/wp\/v2\/posts"}],"about":[{"href":"https:\/\/hormigaradio.com\/index.php?rest_route=\/wp\/v2\/types\/post"}],"author":[{"embeddable":true,"href":"https:\/\/hormigaradio.com\/index.php?rest_route=\/wp\/v2\/users\/3"}],"replies":[{"embeddable":true,"href":"https:\/\/hormigaradio.com\/index.php?rest_route=%2Fwp%2Fv2%2Fcomments&post=13899"}],"version-history":[{"count":2,"href":"https:\/\/hormigaradio.com\/index.php?rest_route=\/wp\/v2\/posts\/13899\/revisions"}],"predecessor-version":[{"id":13902,"href":"https:\/\/hormigaradio.com\/index.php?rest_route=\/wp\/v2\/posts\/13899\/revisions\/13902"}],"wp:featuredmedia":[{"embeddable":true,"href":"https:\/\/hormigaradio.com\/index.php?rest_route=\/wp\/v2\/media\/13900"}],"wp:attachment":[{"href":"https:\/\/hormigaradio.com\/index.php?rest_route=%2Fwp%2Fv2%2Fmedia&parent=13899"}],"wp:term":[{"taxonomy":"category","embeddable":true,"href":"https:\/\/hormigaradio.com\/index.php?rest_route=%2Fwp%2Fv2%2Fcategories&post=13899"},{"taxonomy":"post_tag","embeddable":true,"href":"https:\/\/hormigaradio.com\/index.php?rest_route=%2Fwp%2Fv2%2Ftags&post=13899"}],"curies":[{"name":"wp","href":"https:\/\/api.w.org\/{rel}","templated":true}]}}