{"id":13922,"date":"2021-09-12T20:14:14","date_gmt":"2021-09-12T20:14:14","guid":{"rendered":"http:\/\/hormigaradio.com\/?p=13922"},"modified":"2021-09-12T20:15:37","modified_gmt":"2021-09-12T20:15:37","slug":"ministerio-publico-solicitara-a-la-suprema-investigar-a-legisladores-por-el-caso-falcon-video","status":"publish","type":"post","link":"https:\/\/hormigaradio.com\/?p=13922","title":{"rendered":"MINISTERIO P\u00daBLICO SOLICITAR\u00c1 A LA SUPREMA INVESTIGAR A LEGISLADORES POR EL CASO FALC\u00d3N (Video)"},"content":{"rendered":"<p>Por\u00a0<a class=\"text-font font-700\" href=\"https:\/\/acento.com.do\/autor\/index.html?user_slug=servicios\">SERVICIOS DE ACENTO.COM.DO<\/a><\/p>\n<p>Santo Domingo, 12 sep.- La Procuradur\u00eda General de la Rep\u00fablica solicitar\u00e1 a la Suprema Corte de Justicia la apertura de una investigaci\u00f3n contra varios legisladores protegidos por jurisdicci\u00f3n privilegiada en relaci\u00f3n al caso Falc\u00f3n, que investiga una importante red de narcotr\u00e1fico.<\/p>\n<p><iframe loading=\"lazy\"  id=\"_ytid_30510\" width=\"715\" height=\"402\"  data-origwidth=\"715\" data-origheight=\"402\"  src=\"https:\/\/www.youtube.com\/embed\/__Cyk1ixKlU?enablejsapi=1&#038;autoplay=0&#038;cc_load_policy=0&#038;iv_load_policy=1&#038;loop=0&#038;modestbranding=0&#038;rel=1&#038;fs=1&#038;playsinline=0&#038;autohide=2&#038;theme=dark&#038;color=red&#038;controls=1&#038;\" class=\"__youtube_prefs__\" title=\"YouTube player\"  allow=\"autoplay; encrypted-media\" allowfullscreen data-no-lazy=\"1\" data-skipgform_ajax_framebjll=\"\"><\/iframe><\/p>\n<p>&#8220;A partir de ma\u00f1ana el Ministerio P\u00fablico estar\u00e1 solicitando a la Suprema que designe un juez instructor especial a los fines de instruir el proceso de aquellos que tienen privilegio de jurisdicci\u00f3n&#8221;, dijo este domingo la procuradora adjunta, Yeni Berenice Reynoso, en declaraciones a periodistas en Santiago.<\/p>\n<p>La procuradora dijo que, solo despu\u00e9s de solicitar el apoderamiento de la Suprema Corte, el Ministerio P\u00fablico desvelar\u00e1 los nombres de los &#8220;varios&#8221; legisladores que est\u00e1n implicados en el caso, pero que no han sido imputados a\u00fan gracias a la inmunidad parlamentaria.<\/p>\n<p>Por el momento, la Procuradur\u00eda ha presentado cargos y ha solicitado 18 meses de prisi\u00f3n preventiva contra 21 supuestos integrantes de la banda que, seg\u00fan las pesquisas, traficaba 2,500 kilos de coca\u00edna semanales a Estados Unidos, Puerto Rico y Europa desde 2012.<\/p>\n<p>Entre los detenidos se encuentra el director de Comunidad Digna, Juan Maldonado Castro, quien fue suspendido de sus funciones por el presidente Luis Abinader despu\u00e9s de conocerse su arresto.<\/p>\n<p>Oficina Judicial de Atenci\u00f3n Permanente de Santiago decidi\u00f3 este domingo aplazar al pr\u00f3ximo viernes la audiencia en la que se conocer\u00e1n las medidas de coerci\u00f3n de los detenidos.<\/p>\n<p>El aplazamiento fue solicitado por las defensas de varios imputados, que pidieron m\u00e1s tiempo para conocer el expediente de acusaciones preparado por el Ministerio P\u00fablico.<\/p>\n<p>Los fiscales que llevan el caso consideraron que esa petici\u00f3n supone un &#8220;reconocimiento&#8221; de la complejidad del proceso.<\/p>\n<p>La Fiscal\u00eda ha adelantado su intenci\u00f3n de solicitar la extradici\u00f3n para varios de los imputados y el resto ser\u00e1n juzgados en los tribunales de Santiago, para lo que han solicitado la declaraci\u00f3n de caso complejo. EFE<\/p>\n<p>Impactos: 62<\/p>","protected":false},"excerpt":{"rendered":"<p>Por\u00a0SERVICIOS DE ACENTO.COM.DO Santo Domingo, 12 sep.- La Procuradur\u00eda General de la Rep\u00fablica solicitar\u00e1 a la Suprema Corte de Justicia la apertura de una<\/p>\n","protected":false},"author":3,"featured_media":13918,"comment_status":"open","ping_status":"closed","sticky":false,"template":"","format":"standard","meta":[],"categories":[3],"tags":[],"_links":{"self":[{"href":"https:\/\/hormigaradio.com\/index.php?rest_route=\/wp\/v2\/posts\/13922"}],"collection":[{"href":"https:\/\/hormigaradio.com\/index.php?rest_route=\/wp\/v2\/posts"}],"about":[{"href":"https:\/\/hormigaradio.com\/index.php?rest_route=\/wp\/v2\/types\/post"}],"author":[{"embeddable":true,"href":"https:\/\/hormigaradio.com\/index.php?rest_route=\/wp\/v2\/users\/3"}],"replies":[{"embeddable":true,"href":"https:\/\/hormigaradio.com\/index.php?rest_route=%2Fwp%2Fv2%2Fcomments&post=13922"}],"version-history":[{"count":3,"href":"https:\/\/hormigaradio.com\/index.php?rest_route=\/wp\/v2\/posts\/13922\/revisions"}],"predecessor-version":[{"id":13925,"href":"https:\/\/hormigaradio.com\/index.php?rest_route=\/wp\/v2\/posts\/13922\/revisions\/13925"}],"wp:featuredmedia":[{"embeddable":true,"href":"https:\/\/hormigaradio.com\/index.php?rest_route=\/wp\/v2\/media\/13918"}],"wp:attachment":[{"href":"https:\/\/hormigaradio.com\/index.php?rest_route=%2Fwp%2Fv2%2Fmedia&parent=13922"}],"wp:term":[{"taxonomy":"category","embeddable":true,"href":"https:\/\/hormigaradio.com\/index.php?rest_route=%2Fwp%2Fv2%2Fcategories&post=13922"},{"taxonomy":"post_tag","embeddable":true,"href":"https:\/\/hormigaradio.com\/index.php?rest_route=%2Fwp%2Fv2%2Ftags&post=13922"}],"curies":[{"name":"wp","href":"https:\/\/api.w.org\/{rel}","templated":true}]}}