{"id":13956,"date":"2021-09-15T01:06:30","date_gmt":"2021-09-15T01:06:30","guid":{"rendered":"http:\/\/hormigaradio.com\/?p=13956"},"modified":"2021-09-15T01:17:30","modified_gmt":"2021-09-15T01:17:30","slug":"13956","status":"publish","type":"post","link":"https:\/\/hormigaradio.com\/?p=13956","title":{"rendered":"A PROP\u00d3SITO DE LA SITUACI\u00d3N DE H\u00c9CTOR  ACOSTA (EL TORITO)"},"content":{"rendered":"<div class=\"kvgmc6g5 cxmmr5t8 oygrvhab hcukyx3x c1et5uql ii04i59q\">\n<div dir=\"auto\">M\u00c1XIMO LAUREANO<\/div>\n<div dir=\"auto\"><\/div>\n<div dir=\"auto\">El \u00fanico que se sabe m\u00e1s temas de El Torito, que un servidor, es El Torito, he cantado sus temas, lo he bailado, me he fotografiado con \u00e9l, creo que es una persona con mucha sensibilidad por los aspectos sociales de su pueblo. Por eso es senador. Pero &#8220;caray&#8221;, lo que te est\u00e1 pasando no es un invento de las redes sociales, aunque haya gente que aproveche el momento para fu\u00f1ir.<\/div>\n<\/div>\n<div class=\"o9v6fnle cxmmr5t8 oygrvhab hcukyx3x c1et5uql ii04i59q\">\n<div dir=\"auto\">Es el Ministerio P\u00fablico, que te menciona en un expediente, no es el pueblo, no es la gente mediocre como t\u00fa dices. C\u00e9ntrate en aclarar tus v\u00ednculos con una de las personas procesadas en Operaci\u00f3n Falc\u00f3n.<\/div>\n<\/div>\n<div class=\"o9v6fnle cxmmr5t8 oygrvhab hcukyx3x c1et5uql ii04i59q\">\n<div dir=\"auto\">Di que a la gente del Ministerio P\u00fablico, le cogi\u00f3 contigo, que no te toleran, di lo que t\u00fa quiera, di que es mentira que t\u00fa no tiene v\u00ednculo con esa persona, di que ese es otro H\u00e9ctor Acosta (El Becerrito), pero no quiera vender la idea, de que esos se\u00f1alamientos son producto de que hay gente da\u00f1ina, que coge un tel\u00e9fono celular para hacer da\u00f1o, no dirija tus reclamos a la gente que ha querido por m\u00e1s 30 a\u00f1os.<\/div>\n<\/div>\n<div class=\"o9v6fnle cxmmr5t8 oygrvhab hcukyx3x c1et5uql ii04i59q\">\n<div dir=\"auto\">Reclama a la Procuradur\u00eda General de la Rep\u00fablica, porque no protegi\u00f3 tu nombre de artista, reclama a quienes no te dejaron como vaca sagrada. Di que es solo una menci\u00f3n en el expediente, que eso no implica que sea parte de esa red, aprendan a defenderse.<\/div>\n<\/div>\n<p>Impactos: 61<\/p>","protected":false},"excerpt":{"rendered":"<p>M\u00c1XIMO LAUREANO El \u00fanico que se sabe m\u00e1s temas de El Torito, que un servidor, es El Torito, he cantado sus temas, lo he<\/p>\n","protected":false},"author":3,"featured_media":13957,"comment_status":"open","ping_status":"closed","sticky":false,"template":"","format":"standard","meta":[],"categories":[7],"tags":[],"_links":{"self":[{"href":"https:\/\/hormigaradio.com\/index.php?rest_route=\/wp\/v2\/posts\/13956"}],"collection":[{"href":"https:\/\/hormigaradio.com\/index.php?rest_route=\/wp\/v2\/posts"}],"about":[{"href":"https:\/\/hormigaradio.com\/index.php?rest_route=\/wp\/v2\/types\/post"}],"author":[{"embeddable":true,"href":"https:\/\/hormigaradio.com\/index.php?rest_route=\/wp\/v2\/users\/3"}],"replies":[{"embeddable":true,"href":"https:\/\/hormigaradio.com\/index.php?rest_route=%2Fwp%2Fv2%2Fcomments&post=13956"}],"version-history":[{"count":4,"href":"https:\/\/hormigaradio.com\/index.php?rest_route=\/wp\/v2\/posts\/13956\/revisions"}],"predecessor-version":[{"id":13963,"href":"https:\/\/hormigaradio.com\/index.php?rest_route=\/wp\/v2\/posts\/13956\/revisions\/13963"}],"wp:featuredmedia":[{"embeddable":true,"href":"https:\/\/hormigaradio.com\/index.php?rest_route=\/wp\/v2\/media\/13957"}],"wp:attachment":[{"href":"https:\/\/hormigaradio.com\/index.php?rest_route=%2Fwp%2Fv2%2Fmedia&parent=13956"}],"wp:term":[{"taxonomy":"category","embeddable":true,"href":"https:\/\/hormigaradio.com\/index.php?rest_route=%2Fwp%2Fv2%2Fcategories&post=13956"},{"taxonomy":"post_tag","embeddable":true,"href":"https:\/\/hormigaradio.com\/index.php?rest_route=%2Fwp%2Fv2%2Ftags&post=13956"}],"curies":[{"name":"wp","href":"https:\/\/api.w.org\/{rel}","templated":true}]}}