{"id":13967,"date":"2021-09-15T20:22:10","date_gmt":"2021-09-15T20:22:10","guid":{"rendered":"http:\/\/hormigaradio.com\/?p=13967"},"modified":"2021-09-15T20:22:10","modified_gmt":"2021-09-15T20:22:10","slug":"detectan-282-nuevos-casos-de-coronavirus-y-se-registran-dos-muertes","status":"publish","type":"post","link":"https:\/\/hormigaradio.com\/?p=13967","title":{"rendered":"DETECTAN 282 NUEVOS CASOS DE CORONAVIRUS Y SE REGISTRAN DOS MUERTES"},"content":{"rendered":"<p>Por\u00a0<a class=\"text-font font-700\" href=\"https:\/\/acento.com.do\/autor\/index.html?user_slug=servicios\">SERVICIOS DE ACENTO.COM.DO<\/a><\/p>\n<p>Santo Domingo, Rep\u00fablica Dominicana.- El Ministerio de Salud P\u00fablica inform\u00f3 este mi\u00e9rcoles de 282 nuevos contagios de coronavirus y dos muertes de covid-19 notificadas en las \u00faltimas 24 horas.<\/p>\n<p>Desde el inicio de la pandemia, 4,022 personas han fallecido en el pa\u00eds, mientras que 354,169 han contra\u00eddo el virus, seg\u00fan los datos del bolet\u00edn diario.<\/p>\n<p>En estos momentos, 4,915 personas tienen el virus, incluyendo 411 personas que se encuentran hospitalizadas, lo que supone una tasa de ocupaci\u00f3n del 16 %.<\/p>\n<p>Las unidades de cuidados intensivos (UCI) est\u00e1n al 22 % de su capacidad, con 137 pacientes ingresados, de los cuales 78 necesitan de ventilaci\u00f3n mec\u00e1nica.<\/p>\n<p>La positividad en las \u00faltimas cuatro semanas se sit\u00faa en el 6.90 % y la diaria, en el 6.64 %, mientras que en el \u00faltimo d\u00eda, se procesaron 6,615 pruebas para detectar la enfermedad, agrega el bolet\u00edn.<\/p>\n<p>El director general de Epidemiolog\u00eda, Ronald Skewes, dijo en una rueda de prensa que los casos nuevos, la positividad y la incidencia se mantienen en n\u00fameros &#8220;reletivamente bajos&#8221; en todo el pa\u00eds.<\/p>\n<p>Los datos de incidencia &#8220;son envidiables, si se comparan&#8221; con otros pa\u00edses, afirm\u00f3 Skewes, aunque matiz\u00f3 sus declaraciones aclarando que esto &#8220;no es garant\u00eda de que tengamos la situaci\u00f3n controlada&#8221;.<\/p>\n<div id=\"news-4-13\" class=\"banner-box dfp-async loaded\" data-bannerdesktop=\"true\" data-bannermobile=\"true\" data-google-query-id=\"CI-lgbjmgfMCFXLlKAUdNScPIQ\">\n<div id=\"google_ads_iframe_5168668\/News_Middle_02_0__container__\">Skewes tambi\u00e9n inform\u00f3 de que la variante con mayor prevalencia en el pa\u00eds es la gamma, que est\u00e1 m\u00e1s extendida en Santiago y otras provincias del Cibao.EFE<\/div>\n<\/div>\n<p>Impactos: 54<\/p>","protected":false},"excerpt":{"rendered":"<p>Por\u00a0SERVICIOS DE ACENTO.COM.DO Santo Domingo, Rep\u00fablica Dominicana.- El Ministerio de Salud P\u00fablica inform\u00f3 este mi\u00e9rcoles de 282 nuevos contagios de coronavirus y dos muertes<\/p>\n","protected":false},"author":3,"featured_media":12514,"comment_status":"open","ping_status":"closed","sticky":false,"template":"","format":"standard","meta":[],"categories":[17],"tags":[],"_links":{"self":[{"href":"https:\/\/hormigaradio.com\/index.php?rest_route=\/wp\/v2\/posts\/13967"}],"collection":[{"href":"https:\/\/hormigaradio.com\/index.php?rest_route=\/wp\/v2\/posts"}],"about":[{"href":"https:\/\/hormigaradio.com\/index.php?rest_route=\/wp\/v2\/types\/post"}],"author":[{"embeddable":true,"href":"https:\/\/hormigaradio.com\/index.php?rest_route=\/wp\/v2\/users\/3"}],"replies":[{"embeddable":true,"href":"https:\/\/hormigaradio.com\/index.php?rest_route=%2Fwp%2Fv2%2Fcomments&post=13967"}],"version-history":[{"count":1,"href":"https:\/\/hormigaradio.com\/index.php?rest_route=\/wp\/v2\/posts\/13967\/revisions"}],"predecessor-version":[{"id":13968,"href":"https:\/\/hormigaradio.com\/index.php?rest_route=\/wp\/v2\/posts\/13967\/revisions\/13968"}],"wp:featuredmedia":[{"embeddable":true,"href":"https:\/\/hormigaradio.com\/index.php?rest_route=\/wp\/v2\/media\/12514"}],"wp:attachment":[{"href":"https:\/\/hormigaradio.com\/index.php?rest_route=%2Fwp%2Fv2%2Fmedia&parent=13967"}],"wp:term":[{"taxonomy":"category","embeddable":true,"href":"https:\/\/hormigaradio.com\/index.php?rest_route=%2Fwp%2Fv2%2Fcategories&post=13967"},{"taxonomy":"post_tag","embeddable":true,"href":"https:\/\/hormigaradio.com\/index.php?rest_route=%2Fwp%2Fv2%2Ftags&post=13967"}],"curies":[{"name":"wp","href":"https:\/\/api.w.org\/{rel}","templated":true}]}}