{"id":14017,"date":"2021-09-19T21:41:17","date_gmt":"2021-09-19T21:41:17","guid":{"rendered":"http:\/\/hormigaradio.com\/?p=14017"},"modified":"2021-09-19T21:52:21","modified_gmt":"2021-09-19T21:52:21","slug":"el-mundo-esta-mal-hecho","status":"publish","type":"post","link":"https:\/\/hormigaradio.com\/?p=14017","title":{"rendered":"\u00a0  EL MUNDO EST\u00c1 MAL HECHO"},"content":{"rendered":"<p><a class=\"text-font font-700\" href=\"https:\/\/acento.com.do\/autor\/index.html?user_slug=mlaureano\">M\u00c1XIMO LAUREANO<\/a><\/p>\n<p>Siempre escuchaba al locutor legendario Jos\u00e9 Guillermo Sued, decir en referencia al presidente Danilo Medina, \u201cel presidente que se acerca la gente\u201d, como si la relaci\u00f3n entre ciudadanos fuera un gesto extraordinario y no una acci\u00f3n cotidiana de los mortales.<\/p>\n<figure id=\"attachment_14019\" aria-describedby=\"caption-attachment-14019\" style=\"width: 300px\" class=\"wp-caption alignleft\"><a href=\"http:\/\/hormigaradio.com\/wp-content\/uploads\/2021\/09\/EL-Presi-con-la-maleta.jpg\"><img loading=\"lazy\" class=\"wp-image-14019 size-medium\" src=\"http:\/\/hormigaradio.com\/wp-content\/uploads\/2021\/09\/EL-Presi-con-la-maleta-300x240.jpg\" alt=\"\" width=\"300\" height=\"240\" srcset=\"https:\/\/hormigaradio.com\/wp-content\/uploads\/2021\/09\/EL-Presi-con-la-maleta-300x240.jpg 300w, https:\/\/hormigaradio.com\/wp-content\/uploads\/2021\/09\/EL-Presi-con-la-maleta-768x614.jpg 768w, https:\/\/hormigaradio.com\/wp-content\/uploads\/2021\/09\/EL-Presi-con-la-maleta.jpg 940w\" sizes=\"(max-width: 300px) 100vw, 300px\" \/><\/a><figcaption id=\"caption-attachment-14019\" class=\"wp-caption-text\"><em><strong>Luis Abinader, presidente de la Rep\u00fablica Dominicana<\/strong><\/em>.<\/figcaption><\/figure>\n<p>Un \u00a0integrante de la seguridad de un partido de f\u00fatbol,\u00a0\u00a0 fue golpeado por una bola pateada por el futbolista portugu\u00e9s Cristiano Ronaldo,\u00a0 el deportista,\u00a0 se acerc\u00f3 para a ver que el\u00a0 hombre estuviera bien.<\/p>\n<p>El atleta fue fotografiado en ese gesto\u00a0 y se destaca que Ronaldo\u00a0 es un ser extraordinario, porque se interes\u00f3 en saber del agente de seguridad, es decir, que lo normal, lo com\u00fan, pasar a ser\u00a0 raro, lo incre\u00edble, por eso pregunto. \u00bfEl mundo est\u00e1 mal hecho?<\/p>\n<p>El ex presidente de la Rep\u00fablica Dominicana, Leonel\u00a0 Fern\u00e1ndez Reyna, que en su af\u00e1n por regresar al primer cargo p\u00fablico del pa\u00eds,\u00a0 est\u00e1 que se pinta la cara y se pone la nariz de colores y como se dice en el barrio, canta, baila y \u201cdespatilla\u201d.<\/p>\n<p>Fern\u00e1ndez,\u00a0 va a un supermercado en San Francisco de Macor\u00eds,\u00a0 a comprar algo como cualquier humano lo hace y eso lo destacan como un hecho \u00fanico en la historia de la\u00a0 humanidad.<\/p>\n<p>Muchas\u00a0 veces\u00a0 vimos una imagen del\u00a0 entonces presidente de los\u00a0 Estados Unidos, Barack Obama,\u00a0 sostener\u00a0 un paraguas, acci\u00f3n que de inmediato\u00a0\u00a0 desataba las comparaciones entre el mandatario\u00a0 estadounidense\u00a0 y otras\u00a0 figuras de ese\u00a0 nivel en pa\u00edses como el nuestro y yo pregunto.<\/p>\n<p>\u00bfD\u00f3nde est\u00e1 lo extraordinario de que \u00a0un ser humano normal\u00a0 por m\u00e1s presidente que sea\u00a0 sostenga\u00a0 un paraguas?<\/p>\n<p>El presidente de la Rep\u00fablica Dominicana, Luis Abinader, viaja a los Estados Unidos y\u00a0 opta por un vuelo\u00a0 comercial de precio moderado y fue fotografiado acomodando una maleta\u00a0 y esto lo\u00a0 explotan en las redes sociales, como que\u00a0 tenemos la fortuna de tener el mejor presidente del mundo.<\/p>\n<p>\u00bfY qu\u00e9\u00a0 mundo es que vivimos?,\u00a0 que los pol\u00edticos y famosos insisten en\u00a0 hacerle creer a\u00a0 sus seguidores que ellos no son lo que son.<\/p>\n<p>Otro ejemplo Jos\u00e9 Mujica en Uruguay,\u00a0\u00a0 como presidente llam\u00f3 m\u00e1s la atenci\u00f3n por ser el presidente que\u00a0 rechazaba al opulencia del Poder,\u00a0 por\u00a0\u00a0 usar su carro Volkswagen (cepillo), por vivir en su casa antigua, que por sus ejecutorias como\u00a0 jefe de Estado, como si sus acciones de\u00a0 humildad fuera una condici\u00f3n\u00a0 extra\u00f1a del hombre que est\u00e1 de paso en esta tierra.<\/p>\n<p>&nbsp;<\/p>\n<p>Impactos: 65<\/p>","protected":false},"excerpt":{"rendered":"<p>M\u00c1XIMO LAUREANO Siempre escuchaba al locutor legendario Jos\u00e9 Guillermo Sued, decir en referencia al presidente Danilo Medina, \u201cel presidente que se acerca la gente\u201d,<\/p>\n","protected":false},"author":3,"featured_media":14020,"comment_status":"open","ping_status":"closed","sticky":false,"template":"","format":"standard","meta":[],"categories":[7],"tags":[],"_links":{"self":[{"href":"https:\/\/hormigaradio.com\/index.php?rest_route=\/wp\/v2\/posts\/14017"}],"collection":[{"href":"https:\/\/hormigaradio.com\/index.php?rest_route=\/wp\/v2\/posts"}],"about":[{"href":"https:\/\/hormigaradio.com\/index.php?rest_route=\/wp\/v2\/types\/post"}],"author":[{"embeddable":true,"href":"https:\/\/hormigaradio.com\/index.php?rest_route=\/wp\/v2\/users\/3"}],"replies":[{"embeddable":true,"href":"https:\/\/hormigaradio.com\/index.php?rest_route=%2Fwp%2Fv2%2Fcomments&post=14017"}],"version-history":[{"count":4,"href":"https:\/\/hormigaradio.com\/index.php?rest_route=\/wp\/v2\/posts\/14017\/revisions"}],"predecessor-version":[{"id":14023,"href":"https:\/\/hormigaradio.com\/index.php?rest_route=\/wp\/v2\/posts\/14017\/revisions\/14023"}],"wp:featuredmedia":[{"embeddable":true,"href":"https:\/\/hormigaradio.com\/index.php?rest_route=\/wp\/v2\/media\/14020"}],"wp:attachment":[{"href":"https:\/\/hormigaradio.com\/index.php?rest_route=%2Fwp%2Fv2%2Fmedia&parent=14017"}],"wp:term":[{"taxonomy":"category","embeddable":true,"href":"https:\/\/hormigaradio.com\/index.php?rest_route=%2Fwp%2Fv2%2Fcategories&post=14017"},{"taxonomy":"post_tag","embeddable":true,"href":"https:\/\/hormigaradio.com\/index.php?rest_route=%2Fwp%2Fv2%2Ftags&post=14017"}],"curies":[{"name":"wp","href":"https:\/\/api.w.org\/{rel}","templated":true}]}}