{"id":14036,"date":"2021-09-21T02:05:11","date_gmt":"2021-09-21T02:05:11","guid":{"rendered":"http:\/\/hormigaradio.com\/?p=14036"},"modified":"2021-09-21T02:31:10","modified_gmt":"2021-09-21T02:31:10","slug":"abogados-implicados-en-la-of-se-hacen-los-graciosos-pero-la-jueza-no-le-sonrie-video","status":"publish","type":"post","link":"https:\/\/hormigaradio.com\/?p=14036","title":{"rendered":"ABOGADOS  IMPLICADOS EN LA OF SE HACEN LOS  GRACIOSOS, PERO LA JUEZA NO LE SONR\u00cdE (V\u00eddeo)"},"content":{"rendered":"<p><strong>M\u00c1XIMO LAUREANO<\/strong><\/p>\n<p><iframe loading=\"lazy\"  id=\"_ytid_49004\" width=\"715\" height=\"402\"  data-origwidth=\"715\" data-origheight=\"402\"  src=\"https:\/\/www.youtube.com\/embed\/O7o6Q42Zw6Y?enablejsapi=1&#038;autoplay=0&#038;cc_load_policy=0&#038;iv_load_policy=1&#038;loop=0&#038;modestbranding=0&#038;rel=1&#038;fs=1&#038;playsinline=0&#038;autohide=2&#038;theme=dark&#038;color=red&#038;controls=1&#038;\" class=\"__youtube_prefs__\" title=\"YouTube player\"  allow=\"autoplay; encrypted-media\" allowfullscreen data-no-lazy=\"1\" data-skipgform_ajax_framebjll=\"\"><\/iframe><\/p>\n<p>Los abogados que defienden a los 21 implicados en la OF, Operaci\u00f3n Falc\u00f3n, se\u00f1alados como parte de una red de narcotr\u00e1fico, por el Ministerio P\u00fablico, no lograron el objetivo\u00a0 de que se\u00a0 traslade el caso\u00a0 a una\u00a0 jurisdicci\u00f3n privilegiada, por la protecci\u00f3n que tendr\u00edan tres diputados,\u00a0 de las provincias El Seybo,\u00a0 Pedernales y Santiago, que\u00a0 son investigados\u00a0 por presuntos v\u00ednculos con los\u00a0 apresados.<\/p>\n<p>la jueza\u00a0 Iris Borges, de la Oficina de Atenci\u00f3n Permanente, rechaz\u00f3 los pedimentos de los abogados de la defensa, quienes\u00a0 tambi\u00e9n procuraban que se declare incompetente\u00a0 a la magistrada por\u00a0 un aspecto de\u00a0 \u00a0territorio.<\/p>\n<p>&#8220;Los fiscales litigantes est\u00e1n preparados para conocer las medidas de coerci\u00f3n del grupo de imputados bajo arresto por su participaci\u00f3n en la amplia red de lavado de activos del narcotr\u00e1fico, afirm\u00f3\u00a0el fiscal titular\u00a0 de Santiago, Osvaldo Bonilla Hiraldo, quien\u00a0 como de costumbre,\u00a0 habl\u00f3 a los periodistas en compa\u00f1\u00eda de un\u00a0 grupos de fiscales que llevan el caso y que son comandado por Yeni Berenice Reynoso,\u00a0 encargada\u00a0 de la Procuradur\u00eda Especializada en Persecuci\u00f3n a la\u00a0 Corrupci\u00f3n Administrativa (PEPCA).<\/p>\n<p>&nbsp;<\/p>\n<p>Impactos: 56<\/p>","protected":false},"excerpt":{"rendered":"<p>M\u00c1XIMO LAUREANO Los abogados que defienden a los 21 implicados en la OF, Operaci\u00f3n Falc\u00f3n, se\u00f1alados como parte de una red de narcotr\u00e1fico, por<\/p>\n","protected":false},"author":3,"featured_media":14040,"comment_status":"open","ping_status":"closed","sticky":false,"template":"","format":"standard","meta":[],"categories":[3],"tags":[],"_links":{"self":[{"href":"https:\/\/hormigaradio.com\/index.php?rest_route=\/wp\/v2\/posts\/14036"}],"collection":[{"href":"https:\/\/hormigaradio.com\/index.php?rest_route=\/wp\/v2\/posts"}],"about":[{"href":"https:\/\/hormigaradio.com\/index.php?rest_route=\/wp\/v2\/types\/post"}],"author":[{"embeddable":true,"href":"https:\/\/hormigaradio.com\/index.php?rest_route=\/wp\/v2\/users\/3"}],"replies":[{"embeddable":true,"href":"https:\/\/hormigaradio.com\/index.php?rest_route=%2Fwp%2Fv2%2Fcomments&post=14036"}],"version-history":[{"count":4,"href":"https:\/\/hormigaradio.com\/index.php?rest_route=\/wp\/v2\/posts\/14036\/revisions"}],"predecessor-version":[{"id":14041,"href":"https:\/\/hormigaradio.com\/index.php?rest_route=\/wp\/v2\/posts\/14036\/revisions\/14041"}],"wp:featuredmedia":[{"embeddable":true,"href":"https:\/\/hormigaradio.com\/index.php?rest_route=\/wp\/v2\/media\/14040"}],"wp:attachment":[{"href":"https:\/\/hormigaradio.com\/index.php?rest_route=%2Fwp%2Fv2%2Fmedia&parent=14036"}],"wp:term":[{"taxonomy":"category","embeddable":true,"href":"https:\/\/hormigaradio.com\/index.php?rest_route=%2Fwp%2Fv2%2Fcategories&post=14036"},{"taxonomy":"post_tag","embeddable":true,"href":"https:\/\/hormigaradio.com\/index.php?rest_route=%2Fwp%2Fv2%2Ftags&post=14036"}],"curies":[{"name":"wp","href":"https:\/\/api.w.org\/{rel}","templated":true}]}}