{"id":14045,"date":"2021-09-23T18:08:24","date_gmt":"2021-09-23T18:08:24","guid":{"rendered":"http:\/\/hormigaradio.com\/?p=14045"},"modified":"2021-09-23T18:10:36","modified_gmt":"2021-09-23T18:10:36","slug":"jueza-aplaza-medida-operacion-falcon-por-cuarta-vez-video","status":"publish","type":"post","link":"https:\/\/hormigaradio.com\/?p=14045","title":{"rendered":"JUEZA APLAZA MEDIDA OPERACI\u00d3N FALC\u00d3N POR CUARTA VEZ (v\u00eddeo)"},"content":{"rendered":"<p>Por\u00a0<a class=\"text-font font-700\" href=\"https:\/\/acento.com.do\/autor\/index.html?user_slug=mlaureano\">M\u00c1XIMO LAUREANO<\/a><\/p>\n<p>SANTIAGO DE LOS CABALLEROS, Rep\u00fablica Dominicana.- La jueza\u00a0<a href=\"https:\/\/acento.com.do\/tags.html?tag=iris-borges\"><strong>Iris Borges<\/strong><\/a>\u00a0reenvi\u00f3 para el pr\u00f3ximo lunes 27 de septiembre del 2021 la medida de coerci\u00f3n que se sigue en contra de 21 personas imputadas en la\u00a0<strong>Operaci\u00f3n Falc\u00f3n<\/strong>.<\/p>\n<p>Es el cuarto aplazamiento del proceso, en el cual los abogados defensores han presentado varios pedimentos.<\/p>\n<p>La magistrada decidi\u00f3 el aplazamiento a pesar de que cuatro\u00a0 barras de la defensa la\u00a0<a href=\"https:\/\/acento.com.do\/actualidad\/aplazada-para-el-lunes-audiencia-que-decidira-suerte-de-implicados-en-la-red-de-narcolavado-8988342.html\">recusaron<\/a>. El pedimento tiene que ser conocido en la Corte de Apelaci\u00f3n y deber\u00eda conocerse m\u00ednimo en un \u00a0plazo de tres d\u00edas.<\/p>\n<p><iframe loading=\"lazy\" src=\"https:\/\/player.vimeo.com\/video\/612199514?h=2c65696954\" width=\"640\" height=\"360\" frameborder=\"0\" allowfullscreen=\"allowfullscreen\" data-mce-fragment=\"1\"><\/iframe><\/p>\n<p>Los abogados de los\u00a0<a href=\"https:\/\/acento.com.do\/actualidad\/la-funcion-de-cada-imputado-dentro-de-la-red-de-narcotrafico-en-caso-falcon-8986544.html\">imputados<\/a>\u00a0en la\u00a0<strong>Operaci\u00f3n Falc\u00f3n<\/strong>\u00a0basaron \u00a0la recusaci\u00f3n en que la jueza, de la Oficina de Atenci\u00f3n Permanente, del distrito judicial de Santiago,\u00a0<strong>Iris Borges<\/strong>, estar\u00eda inclinada a los pedimentos que hace el Ministerio P\u00fablico, que ha solicitado 18 meses de prisi\u00f3n y declarar el caso complejo.<\/p>\n<p>En cuanto a la recusaci\u00f3n de los abogados, la fiscal\u00a0<a href=\"https:\/\/acento.com.do\/buscar.html?keyword=Yeni%20Berenice\"><strong>Yeni Berenice Reynoso<\/strong><\/a>\u00a0ha dicho que se trata de &#8220;un m\u00e9todo obsoleto&#8221; al cual han recurrido los abogados porque &#8220;ya no tienen otras estrategias&#8221;, apunt\u00f3.<\/p>\n<p><strong>Berenice Reynoso<\/strong>\u00a0dijo que lejos de debilitar el proceso lo fortalece, porque\u00a0 justo este mi\u00e9rcoles se llevaron a cabo otros allanamientos en los cuales se consiguieron m\u00e1s evidencias, en relaci\u00f3n al caso.<\/p>\n<p>Impactos: 43<\/p>","protected":false},"excerpt":{"rendered":"<p>Por\u00a0M\u00c1XIMO LAUREANO SANTIAGO DE LOS CABALLEROS, Rep\u00fablica Dominicana.- La jueza\u00a0Iris Borges\u00a0reenvi\u00f3 para el pr\u00f3ximo lunes 27 de septiembre del 2021 la medida de coerci\u00f3n<\/p>\n","protected":false},"author":3,"featured_media":14047,"comment_status":"open","ping_status":"closed","sticky":false,"template":"","format":"standard","meta":[],"categories":[3],"tags":[],"_links":{"self":[{"href":"https:\/\/hormigaradio.com\/index.php?rest_route=\/wp\/v2\/posts\/14045"}],"collection":[{"href":"https:\/\/hormigaradio.com\/index.php?rest_route=\/wp\/v2\/posts"}],"about":[{"href":"https:\/\/hormigaradio.com\/index.php?rest_route=\/wp\/v2\/types\/post"}],"author":[{"embeddable":true,"href":"https:\/\/hormigaradio.com\/index.php?rest_route=\/wp\/v2\/users\/3"}],"replies":[{"embeddable":true,"href":"https:\/\/hormigaradio.com\/index.php?rest_route=%2Fwp%2Fv2%2Fcomments&post=14045"}],"version-history":[{"count":1,"href":"https:\/\/hormigaradio.com\/index.php?rest_route=\/wp\/v2\/posts\/14045\/revisions"}],"predecessor-version":[{"id":14046,"href":"https:\/\/hormigaradio.com\/index.php?rest_route=\/wp\/v2\/posts\/14045\/revisions\/14046"}],"wp:featuredmedia":[{"embeddable":true,"href":"https:\/\/hormigaradio.com\/index.php?rest_route=\/wp\/v2\/media\/14047"}],"wp:attachment":[{"href":"https:\/\/hormigaradio.com\/index.php?rest_route=%2Fwp%2Fv2%2Fmedia&parent=14045"}],"wp:term":[{"taxonomy":"category","embeddable":true,"href":"https:\/\/hormigaradio.com\/index.php?rest_route=%2Fwp%2Fv2%2Fcategories&post=14045"},{"taxonomy":"post_tag","embeddable":true,"href":"https:\/\/hormigaradio.com\/index.php?rest_route=%2Fwp%2Fv2%2Ftags&post=14045"}],"curies":[{"name":"wp","href":"https:\/\/api.w.org\/{rel}","templated":true}]}}