{"id":14048,"date":"2021-09-23T18:25:17","date_gmt":"2021-09-23T18:25:17","guid":{"rendered":"http:\/\/hormigaradio.com\/?p=14048"},"modified":"2021-09-23T18:25:27","modified_gmt":"2021-09-23T18:25:27","slug":"presidente-abinader-regresa-hoy-al-pais-tras-agenda-en-la-onu-detalles","status":"publish","type":"post","link":"https:\/\/hormigaradio.com\/?p=14048","title":{"rendered":"PRESIDENTE ABINADER REGRESA HOY AL PA\u00cdS TRAS  AGENDA EN LA ONU (Detalles)"},"content":{"rendered":"<p>H.R.<\/p>\n<p>Santo Domingo.-\u00a0El presidente Luis Abinader retorna este jueves al pa\u00eds luego de concluir una amplia agenda de trabajo en Nueva York, que incluy\u00f3 la disposici\u00f3n de mejoras de servicios a la di\u00e1spora dominicana y su discurso ante la Asamblea General de la ONU.<\/p>\n<figure id=\"attachment_14050\" aria-describedby=\"caption-attachment-14050\" style=\"width: 300px\" class=\"wp-caption alignleft\"><a href=\"http:\/\/hormigaradio.com\/wp-content\/uploads\/2021\/09\/WhatsApp-Image-2021-09-23-at-11.30.13-AM-1.jpeg\"><img loading=\"lazy\" class=\"wp-image-14050 size-medium\" src=\"http:\/\/hormigaradio.com\/wp-content\/uploads\/2021\/09\/WhatsApp-Image-2021-09-23-at-11.30.13-AM-1-300x196.jpeg\" alt=\"\" width=\"300\" height=\"196\" srcset=\"https:\/\/hormigaradio.com\/wp-content\/uploads\/2021\/09\/WhatsApp-Image-2021-09-23-at-11.30.13-AM-1-300x196.jpeg 300w, https:\/\/hormigaradio.com\/wp-content\/uploads\/2021\/09\/WhatsApp-Image-2021-09-23-at-11.30.13-AM-1-768x502.jpeg 768w, https:\/\/hormigaradio.com\/wp-content\/uploads\/2021\/09\/WhatsApp-Image-2021-09-23-at-11.30.13-AM-1-1024x669.jpeg 1024w, https:\/\/hormigaradio.com\/wp-content\/uploads\/2021\/09\/WhatsApp-Image-2021-09-23-at-11.30.13-AM-1.jpeg 1600w\" sizes=\"(max-width: 300px) 100vw, 300px\" \/><\/a><figcaption id=\"caption-attachment-14050\" class=\"wp-caption-text\"><em><strong>Presidente Luis Abinader, en la ONU<\/strong><\/em><\/figcaption><\/figure>\n<p>El mandatario,\u00a0 quien sali\u00f3 del pa\u00eds el s\u00e1bado pasado, tiene previsto llegar a las 4:45 de la tarde por el Aeropuerto Internacional de Las Am\u00e9ricas.<\/p>\n<p>Le\u00a0acompa\u00f1aron la primera dama, Raquel\u00a0Arbaje, el ministro Administrativo de la Presidencia, Jos\u00e9 Ignacio Paliza y ex beisbolista Mois\u00e9s Alou.<\/p>\n<p>A su arribo a la urbe neoyorquina, Abinader fue recibido en el Aeropuerto John F. Kennedy\u00a0por el c\u00f3nsul general en esa ciudad, Eligio\u00a0J\u00e1quez, el embajador representante permanente de la Rep\u00fablica Dominicana ante la ONU, Jos\u00e9 Blanco;\u00a0Sonia Guzm\u00e1n, embajadora dominicana en Washington y el director de Prensa del Presidente, Daniel Garc\u00eda\u00a0Archibald.<\/p>\n<p>El jefe de Estado se reuni\u00f3 con el secretario general de la ONU, Ant\u00f3nio Guterres, en la sede del organismo multilateral, donde asistieron adem\u00e1s, el ministro de Relaciones Exteriores,\u00a0Roberto \u00c1lvarez\u00a0y el\u00a0embajador de la Misi\u00f3n Permanente de la Rep\u00fablica Dominicana en la ONU,\u00a0Jos\u00e9 Blanco.<\/p>\n<p>Tambi\u00e9n, se reuni\u00f3 con el\u00a0presidente de la Asamblea General de la ONU, Abdulla Shahid, con quien convers\u00f3 sobre diversos temas de inter\u00e9s para la regi\u00f3n.<\/p>\n<p>En su estad\u00eda en Nueva York el gobernante tambi\u00e9n sostuvo encuentros, con los presidentes de Guatemala, Alejandro Giammattei; de Ecuador, Guillermo Lasso; Panam\u00e1, Laurentino Cortizo y de Costa Rica, Carlos Alvarado.<\/p>\n<p>Adem\u00e1s, con el director ejecutivo del Programa Mundial de Alimentos (PMA), David Beasley\u00a0 y con la secretaria ejecutiva de la Comisi\u00f3n Econ\u00f3mica para Am\u00e9rica Latina y el Caribe (CEPAL), Alicia B\u00e1rcena.<\/p>\n<p>Discurso en\u00a0 la ONU<\/p>\n<p>En la ONU, el presidente Abinader plante\u00f3 este mi\u00e9rcoles\u00a0tres acciones que consider\u00f3 urgente y necesarias para la regi\u00f3n, que son respuesta a la crisis de Hait\u00ed, facilidades crediticias a los pa\u00edses en dificultades por endeudamiento durante la pandemia y m\u00e1s inversi\u00f3n para restaurar los recursos naturales afectados por el calentamiento global.<\/p>\n<p>El jefe de Estado dominicano dijo que ha anunciado la posibilidad de que la situaci\u00f3n de Hait\u00ed pueda desbordar las fronteras de ese pa\u00eds incidiendo como un factor de inseguridad en la regi\u00f3n.<\/p>\n<p>Dijo que es imperativo manifestar de la manera m\u00e1s firme y tajante posible que la comunidad internacional no debe, ni puede, abandonar al pueblo haitiano en este momento en que los niveles de inseguridad lo est\u00e1n llevando a su autodestrucci\u00f3n.<\/p>\n<p>\u201cA este solemne c\u00f3nclave le manifiesto que la Rep\u00fablica Dominicana ha mostrado y seguir\u00e1 mostrando la solidaridad y la colaboraci\u00f3n debidas con el pueblo haitiano, pero tambi\u00e9n les reitero que NO HAY, NI HABRA JAMAS UNA SOLUCI\u00d3N DOMINICANA A LA CRISIS DE HAITI\u201d, advirti\u00f3 Abinader.<\/p>\n<p>Otra propuesta del presidente en la ONU fue que las instituciones financieras multilaterales y bilaterales otorguen facilidades crediticias a trav\u00e9s de mecanismos transparentes y accesibles, concertados y no discriminatorios, que contribuyan a que los pa\u00edses en dificultades recuperen con prontitud la sostenibilidad financiera.<\/p>\n<p>Igualmente, que es justo y necesario que la inversi\u00f3n para restaurar los recursos naturales afectados por el calentamiento global creado por los pa\u00edses que han generado m\u00e1s CO2, sean los que paguen por las enormes inversiones a realizar.<\/p>\n<p>Luego del discurso en la ONU, Abinader encabez\u00f3 la presentaci\u00f3n de la Marca Pa\u00eds en Nueva York, bajo la coordinaci\u00f3n del Ministro de Turismo y de ProDominicana, y en inter\u00e9s de reforzar la presencia, relaciones de\u00a0 negocios y promoci\u00f3n en los Estados Unidos.<\/p>\n<p>Previamente, el canciller Roberto \u00c1lvarez anunci\u00f3 que los\u00a0\u00a0presidentes Luis Abinader, de Rep\u00fablica Dominicana;\u00a0 Laurentino \u2013Nito- Cortizo, de Panam\u00e1 y Carlos Alvarado, de Costa Rica, firmaron un comunicado donde expresan profunda preocupaci\u00f3n por la crisis de Hait\u00ed.<\/p>\n<p>Acompa\u00f1aron en el viaje al presidente sus\u00a0asistentes\u00a0Eilyn\u00a0Beltran\u00a0y Mercedes Pichardo\u00a0y\u00a0miembros de su equipo de seguridad, encabezado por el mayor general\u00a0Celin\u00a0Rubio.<\/p>\n<p>El mismo d\u00eda de su llegada, el presidente Abinader\u00a0sostuvo\u00a0un encuentro con periodistas dominicanos y particip\u00f3 en un acto de bienvenida organizado por el Consulado General.<\/p>\n<p>Asimismo, intervino en un conversatorio con funcionarios electos de origen dominicano, el liderazgo de la comunidad dominicana en New York, as\u00ed como con hijos de dominicanos nacidos en Estados Unidos y encabez\u00f3 la juramentaci\u00f3n de 1,200 j\u00f3venes de origen dominicano.<\/p>\n<p>Como parte de su agenda encabez\u00f3 el acto de entrega de reconocimientos a 37 personalidades de la di\u00e1spora dominicana donde asegur\u00f3 que su gesti\u00f3n de Gobierno har\u00e1 justicia con ellos y agradeci\u00f3 su aporte en env\u00edo de remesas para que la Rep\u00fablica Dominicana pudiera pasar la pandemia en mejores t\u00e9rminos que otros pa\u00edses.<\/p>\n<p>En ese mismo acto, el senador por el estado de Nueva York, Chuck Schumer, defini\u00f3 al presidente Abinader como un mandatario maravilloso y pidi\u00f3 a los dominicanos verlo de esa forma, al tiempo que lo felicit\u00f3 personalmente por la gesti\u00f3n de gobierno que viene realizando en el pa\u00eds.<\/p>\n<p>Al participar en el encuentro organizado por el Instituto del Dominicano en el Exterior (INDEX), el presidente Abinader revel\u00f3 que en el mes de agosto de 2021 las remesas alcanzaron cifras r\u00e9cord de 872 millones de d\u00f3lares, sobrepasando por m\u00e1s de 102 millones de d\u00f3lares las registradas en el mismo per\u00edodo del 2020.<\/p>\n<p>En horas de la noche, hizo el lanzamiento de la primera bola en el partido de b\u00e9isbol en el cual los Filis de Filadelfia visitaban a los Mets de New York en el Citi Field de la Gran Manzana.<\/p>\n<p>Al hablar en el World LeadersForum de Columbia University, el jefe de Estado abog\u00f3 por una transici\u00f3n econ\u00f3mica mundial que permita la reactivaci\u00f3n de todas las fuerzas productivas, capaz de generar la construcci\u00f3n de un mundo mejor.<\/p>\n<p>M\u00e1s adelante,\u00a0 en la exposici\u00f3n internacional \u201c1961: a\u00f1o de la libertad\u201d, el gobernante ponder\u00f3 la hist\u00f3rica identificaci\u00f3n de la di\u00e1spora dominicana con la construcci\u00f3n de la democracia y la libertad en el pa\u00eds, as\u00ed como su decidida contribuci\u00f3n para desterrar la dictadura de Trujillo e implantar los valores democr\u00e1ticos.<\/p>\n<p>El mandatario cerr\u00f3 su jornada del lunes con la reuni\u00f3n por videoconferencia sin precedentes con ministros y directores generales, donde anunci\u00f3 medidas para favorecer a la comunidad dominicana enfocada en temas de salud, vivienda, iniciativas de Aduanas y de formaci\u00f3n t\u00e9cnica.<\/p>\n<p>El martes, el presidente Abinader inici\u00f3 su agenda con la participaci\u00f3n en la apertura de la 76 Asamblea General de la Organizaci\u00f3n de las Naciones Unidas (ONU).<\/p>\n<p>Tambi\u00e9n, sostuvo un encuentro con el profesor Jeffrey Sachs de Columbia University, en la Misi\u00f3n Permanente de la Rep\u00fablica Dominicana ante la ONU y encabez\u00f3 el acto de inauguraci\u00f3n de las oficinas de representaci\u00f3n del Banco de Reservas en la ciudad de Nueva York.<\/p>\n<p>Sobre la Di\u00e1spora<\/p>\n<p>El Jefe de Estado valor\u00f3 los aportes econ\u00f3micos de los inmigrantes dominicanos radicados en Estados Unidos a trav\u00e9s del env\u00edo de remesas a sus familiares en el pa\u00eds.<\/p>\n<p>Abinader dijo que, como presidente de la Rep\u00fablica Dominicana, est\u00e1 altamente comprometido con todos y cada uno de los dominicanos de la di\u00e1spora, a quienes manifest\u00f3 que har\u00e1 \u201ctodos los esfuerzos necesarios para su protecci\u00f3n y reconocimiento\u201d.<\/p>\n<p>Igualmente, ponder\u00f3 la hist\u00f3rica identificaci\u00f3n de la di\u00e1spora dominicana con la construcci\u00f3n de la democracia y la libertad en el pa\u00eds, as\u00ed como su decidida contribuci\u00f3n para desterrar la dictadura de Trujillo e implantar los valores democr\u00e1ticos.<\/p>\n<p>&nbsp;<\/p>\n<p>Impactos: 53<\/p>","protected":false},"excerpt":{"rendered":"<p>H.R. Santo Domingo.-\u00a0El presidente Luis Abinader retorna este jueves al pa\u00eds luego de concluir una amplia agenda de trabajo en Nueva York, que incluy\u00f3<\/p>\n","protected":false},"author":3,"featured_media":14049,"comment_status":"open","ping_status":"closed","sticky":false,"template":"","format":"standard","meta":[],"categories":[3],"tags":[],"_links":{"self":[{"href":"https:\/\/hormigaradio.com\/index.php?rest_route=\/wp\/v2\/posts\/14048"}],"collection":[{"href":"https:\/\/hormigaradio.com\/index.php?rest_route=\/wp\/v2\/posts"}],"about":[{"href":"https:\/\/hormigaradio.com\/index.php?rest_route=\/wp\/v2\/types\/post"}],"author":[{"embeddable":true,"href":"https:\/\/hormigaradio.com\/index.php?rest_route=\/wp\/v2\/users\/3"}],"replies":[{"embeddable":true,"href":"https:\/\/hormigaradio.com\/index.php?rest_route=%2Fwp%2Fv2%2Fcomments&post=14048"}],"version-history":[{"count":1,"href":"https:\/\/hormigaradio.com\/index.php?rest_route=\/wp\/v2\/posts\/14048\/revisions"}],"predecessor-version":[{"id":14051,"href":"https:\/\/hormigaradio.com\/index.php?rest_route=\/wp\/v2\/posts\/14048\/revisions\/14051"}],"wp:featuredmedia":[{"embeddable":true,"href":"https:\/\/hormigaradio.com\/index.php?rest_route=\/wp\/v2\/media\/14049"}],"wp:attachment":[{"href":"https:\/\/hormigaradio.com\/index.php?rest_route=%2Fwp%2Fv2%2Fmedia&parent=14048"}],"wp:term":[{"taxonomy":"category","embeddable":true,"href":"https:\/\/hormigaradio.com\/index.php?rest_route=%2Fwp%2Fv2%2Fcategories&post=14048"},{"taxonomy":"post_tag","embeddable":true,"href":"https:\/\/hormigaradio.com\/index.php?rest_route=%2Fwp%2Fv2%2Ftags&post=14048"}],"curies":[{"name":"wp","href":"https:\/\/api.w.org\/{rel}","templated":true}]}}