{"id":14059,"date":"2021-09-26T21:28:24","date_gmt":"2021-09-26T21:28:24","guid":{"rendered":"http:\/\/hormigaradio.com\/?p=14059"},"modified":"2021-09-26T21:31:49","modified_gmt":"2021-09-26T21:31:49","slug":"falpo-elige-a-grabiel-sanchez-como-coordinador-nacional","status":"publish","type":"post","link":"https:\/\/hormigaradio.com\/?p=14059","title":{"rendered":"FALPO ELIGE A GRABIEL S\u00c1NCHEZ  COMO COORDINADOR NACIONAL"},"content":{"rendered":"<p><strong>H.R.<\/strong><\/p>\n<p>Licey, Santiago.- El Frente Amplio de Lucha Popular (Falpo) concluy\u00f3 este jueves su tercer congreso, en el que fue elegido su nuevo coordinador nacional y donde se presentaron las nuevas propuestas de lucha de la organizaci\u00f3n.<\/p>\n<p>Grabiel S\u00e1nchez Rosario, nuevo coordinador, reafirm\u00f3 que continuar\u00e1n la lucha en contra de las malas pr\u00e1cticas de los gobiernos, la corrupci\u00f3n y la impunidad. Explic\u00f3 que luchar\u00e1n tambi\u00e9n por una seguridad social digna, en contra de la megaminer\u00eda, as\u00ed como por otras reivindicaciones sociales.<\/p>\n<figure id=\"attachment_14061\" aria-describedby=\"caption-attachment-14061\" style=\"width: 715px\" class=\"wp-caption alignleft\"><a href=\"http:\/\/hormigaradio.com\/wp-content\/uploads\/2021\/09\/WhatsApp-Image-2021-09-24-at-7.02.29-PM-1.jpeg\"><img loading=\"lazy\" class=\"wp-image-14061 size-large\" src=\"http:\/\/hormigaradio.com\/wp-content\/uploads\/2021\/09\/WhatsApp-Image-2021-09-24-at-7.02.29-PM-1-1024x766.jpeg\" alt=\"\" width=\"715\" height=\"535\" srcset=\"https:\/\/hormigaradio.com\/wp-content\/uploads\/2021\/09\/WhatsApp-Image-2021-09-24-at-7.02.29-PM-1-1024x766.jpeg 1024w, https:\/\/hormigaradio.com\/wp-content\/uploads\/2021\/09\/WhatsApp-Image-2021-09-24-at-7.02.29-PM-1-300x225.jpeg 300w, https:\/\/hormigaradio.com\/wp-content\/uploads\/2021\/09\/WhatsApp-Image-2021-09-24-at-7.02.29-PM-1-768x575.jpeg 768w, https:\/\/hormigaradio.com\/wp-content\/uploads\/2021\/09\/WhatsApp-Image-2021-09-24-at-7.02.29-PM-1.jpeg 1280w\" sizes=\"(max-width: 715px) 100vw, 715px\" \/><\/a><figcaption id=\"caption-attachment-14061\" class=\"wp-caption-text\"><em><strong>V\u00edctor Bret\u00f3n.<\/strong><\/em><\/figcaption><\/figure>\n<p>El acto de clausura del congreso tuvo lugar en el sal\u00f3n de eventos del Instituto de Formaci\u00f3n Docente Salom\u00e9 Urena, del municipio de Licey al Medio, donde participaron cientos de activistas y dirigentes de los diferentes municipios y provincias en las que el Falpo tiene estructuras, adem\u00e1s de varias organizaciones amigas.<\/p>\n<p>S\u00e1nchez Rosario, se\u00f1al\u00f3 que el principal reto de la organizaci\u00f3n popular es continuar la lucha junto al pueblo y llegar a aquellas comunidades donde no tienen presencia, con como reza su lema: \u201corganizar, educar y combatir por el poder popular\u201d.<\/p>\n<p>En tanto, que el coordinador saliente, V\u00edctor Bret\u00f3n, manifest\u00f3 que la entidad debe de seguir su rol de lucha y explic\u00f3 que los miembros no se pueden confundir, ya que los intereses del pueblo est\u00e1n por encima de los personales y que deben seguir demostrando el porqu\u00e9 el Falpo ha sido un instrumento de lucha durante 36 a\u00f1os de existencia.<\/p>\n<p>El evento le fue dedicado a Am\u00edn Abel Hasb\u00fan; asesinado el 24 de septiembre de 1970, Jes\u00fas R. Dipl\u00e1n (Chu); el 28 de septiembre de 1990, Elvis Amable Rodr\u00edguez (Ony); el 25 de septiembre de 2006, as\u00ed como Alfredo G\u00f3mez, este \u00faltimo asesinado el 12 de octubre en el municipio de Licey en el 2010<\/p>\n<p>Durante el acto, fue dedicado un minuto de silencio en honor a los m\u00e1rtires del Falpo, los cuales cayeron luchando a favor de los mejores intereses del pueblo dominicano.<\/p>\n<p>La agrupaci\u00f3n aboli\u00f3 de sus estatutos la figura del \u201cvocero nacional\u201d y tiene ahora un coordinador, el cual har\u00e1 tambi\u00e9n la funci\u00f3n de portavoz y habr\u00e1 voceros en cada regi\u00f3n y provincias.<\/p>\n<p>Estuvieron presentes dirigentes de San Francisco de Macor\u00eds, Barahona, Bonao, Moca, Santiago, Tamboril, Navarrete, San Crist\u00f3bal, Salcedo, Azua, Monte Plata, Provincia Santo Domingo y el Distrito Nacional, entre otras comunidades.<\/p>\n<p>Impactos: 65<\/p>","protected":false},"excerpt":{"rendered":"<p>H.R. Licey, Santiago.- El Frente Amplio de Lucha Popular (Falpo) concluy\u00f3 este jueves su tercer congreso, en el que fue elegido su nuevo coordinador<\/p>\n","protected":false},"author":3,"featured_media":14063,"comment_status":"open","ping_status":"closed","sticky":false,"template":"","format":"standard","meta":[],"categories":[8],"tags":[],"_links":{"self":[{"href":"https:\/\/hormigaradio.com\/index.php?rest_route=\/wp\/v2\/posts\/14059"}],"collection":[{"href":"https:\/\/hormigaradio.com\/index.php?rest_route=\/wp\/v2\/posts"}],"about":[{"href":"https:\/\/hormigaradio.com\/index.php?rest_route=\/wp\/v2\/types\/post"}],"author":[{"embeddable":true,"href":"https:\/\/hormigaradio.com\/index.php?rest_route=\/wp\/v2\/users\/3"}],"replies":[{"embeddable":true,"href":"https:\/\/hormigaradio.com\/index.php?rest_route=%2Fwp%2Fv2%2Fcomments&post=14059"}],"version-history":[{"count":4,"href":"https:\/\/hormigaradio.com\/index.php?rest_route=\/wp\/v2\/posts\/14059\/revisions"}],"predecessor-version":[{"id":14065,"href":"https:\/\/hormigaradio.com\/index.php?rest_route=\/wp\/v2\/posts\/14059\/revisions\/14065"}],"wp:featuredmedia":[{"embeddable":true,"href":"https:\/\/hormigaradio.com\/index.php?rest_route=\/wp\/v2\/media\/14063"}],"wp:attachment":[{"href":"https:\/\/hormigaradio.com\/index.php?rest_route=%2Fwp%2Fv2%2Fmedia&parent=14059"}],"wp:term":[{"taxonomy":"category","embeddable":true,"href":"https:\/\/hormigaradio.com\/index.php?rest_route=%2Fwp%2Fv2%2Fcategories&post=14059"},{"taxonomy":"post_tag","embeddable":true,"href":"https:\/\/hormigaradio.com\/index.php?rest_route=%2Fwp%2Fv2%2Ftags&post=14059"}],"curies":[{"name":"wp","href":"https:\/\/api.w.org\/{rel}","templated":true}]}}