{"id":14066,"date":"2021-09-26T21:51:21","date_gmt":"2021-09-26T21:51:21","guid":{"rendered":"http:\/\/hormigaradio.com\/?p=14066"},"modified":"2021-09-26T22:05:47","modified_gmt":"2021-09-26T22:05:47","slug":"14066","status":"publish","type":"post","link":"https:\/\/hormigaradio.com\/?p=14066","title":{"rendered":"PROCURADUR\u00cdA HABILITAR\u00c1 UNIDADES DE SALUD MENTAL EN CENTROS PENITENCIARIOS"},"content":{"rendered":"<p style=\"font-weight: 400;\">SANTO DOMINGO (Rep\u00fablica Dominicana).-La procuradora general, Miriam Germ\u00e1n Brito, reafirm\u00f3 la disposici\u00f3n del Ministerio P\u00fablico de garantizar el acceso a servicios integrales de los privados de libertad y rubric\u00f3 un acuerdo de cooperaci\u00f3n interinstitucional para la habilitaci\u00f3n de unidades de salud mental en los centros penitenciarios.<\/p>\n<p style=\"font-weight: 400;\">Germ\u00e1n Brito firm\u00f3 el convenio con Ana Sim\u00f3, presidenta del Colegio Dominicano de Psic\u00f3logos, y Marisol Taveras Ulerio, presidenta de la Sociedad Dominicana de Psiquiatr\u00eda. El documento hab\u00eda sido rubricado por Daniel Enrique De Jes\u00fas Rivera Reyes, ministro de Salud P\u00fablica, y Mario Andr\u00e9s Lama Olivero, director del Servicio Nacional de Salud.<\/p>\n<p><a href=\"http:\/\/hormigaradio.com\/wp-content\/uploads\/2021\/09\/LA2A0084-1.jpg\"><img loading=\"lazy\" class=\"alignleft wp-image-14067 size-large\" src=\"http:\/\/hormigaradio.com\/wp-content\/uploads\/2021\/09\/LA2A0084-1-1024x576.jpg\" alt=\"\" width=\"715\" height=\"402\" srcset=\"https:\/\/hormigaradio.com\/wp-content\/uploads\/2021\/09\/LA2A0084-1-1024x576.jpg 1024w, https:\/\/hormigaradio.com\/wp-content\/uploads\/2021\/09\/LA2A0084-1-300x169.jpg 300w, https:\/\/hormigaradio.com\/wp-content\/uploads\/2021\/09\/LA2A0084-1-768x432.jpg 768w\" sizes=\"(max-width: 715px) 100vw, 715px\" \/><\/a><\/p>\n<p style=\"font-weight: 400;\">En el acto, realizado en el despacho de Germ\u00e1n Brito, estuvieron presentes el procurador de corte Jonathan Bar\u00f3 Guti\u00e9rrez, coordinador del Gabinete de Asuntos Penitenciarios del Ministerio P\u00fablico; la coordinadora del Modelo de Gesti\u00f3n Penitenciaria, Hilda Patricia Lagombra Polanco, y el director de Prisiones, Roberto Hern\u00e1ndez Basilio.<\/p>\n<p style=\"font-weight: 400;\">Germ\u00e1n Brito agradeci\u00f3 a las entidades participantes en el proyecto, por su aporte a la estabilidad f\u00edsica y emocional de las personas privadas de libertad.<\/p>\n<p style=\"font-weight: 400;\">\u201cLa actual situaci\u00f3n de pandemia ahonda a\u00fan m\u00e1s los sufrimientos que puedan experimentar las personas privadas de libertad, por lo que agradecemos a cada instituci\u00f3n y a cada una de las personas que han intervenido para este acuerdo, por sus aportes para la salud mental de la poblaci\u00f3n penitenciaria y sus familiares\u201d, dijo.<\/p>\n<p style=\"font-weight: 400;\">Con esta alianza estrat\u00e9gica, el Estado dominicano reafirma su misi\u00f3n de garantizar el acceso equitativo a servicios integrales de salud con calidad para satisfacer las necesidades de la poblaci\u00f3n, con \u00e9nfasis en grupos prioritarios, como son las personas privadas de libertad con enfermedades o trastornos mentales.<\/p>\n<p style=\"font-weight: 400;\">El objetivo de esta coalici\u00f3n por la salud mental de las personas privadas de libertad es instalar unidades de intervenci\u00f3n en crisis y garantizar las atenciones especializadas que requieren aquellos afectados por enfermedades o trastornos psicol\u00f3gicos.<\/p>\n<p style=\"font-weight: 400;\">La acci\u00f3n se inscribe en el marco del mandato de la Ley 113-21, cuyo art\u00edculo 85 establece la asistencia m\u00e9dica para cada centro de correcci\u00f3n y reinserci\u00f3n social, los cuales contar\u00e1n, entre otros profesionales de la salud, con un m\u00e9dico psiquiatra.<\/p>\n<p style=\"font-weight: 400;\">En el texto consensuado, el Ministerio P\u00fablico se compromete a disponer del espacio f\u00edsico donde funcionar\u00e1n las Unidades de Salud Mental (USM) en cada centro y a contratar el personal de apoyo requerido para su adecuado funcionamiento.<\/p>\n<p style=\"font-weight: 400;\">Las primeras dos se instalar\u00e1n en los Centros de Correcci\u00f3n y Rehabilitaci\u00f3n Najayo Hombres y Najayo Mujeres, en San Crist\u00f3bal, que est\u00e1n bajo la responsabilidad del Modelo de Gesti\u00f3n Penitenciaria.<\/p>\n<p style=\"font-weight: 400;\">Solo el Nuevo Modelo de Gesti\u00f3n Penitenciaria cuenta con unos 500 privados de libertad con diagn\u00f3sticos de enfermedades y trastornos mentales y que reciben el tratamiento m\u00e9dico correspondiente.<\/p>\n<p style=\"font-weight: 400;\">El Ministerio de Salud P\u00fablica, por su lado, se compromete a proporcionar el mobiliario de las USM, as\u00ed como los insumos hospitalarios necesarios para su puesta en funcionamiento e implementar, a trav\u00e9s de su Departamento de Salud Mental, los protocolos y gu\u00edas de atenci\u00f3n para los privados de libertad que recibir\u00e1n los servicios.<\/p>\n<p style=\"font-weight: 400;\">El Servicio Nacional de Salud coordinar\u00e1 con el Ministerio P\u00fablico las evaluaciones para la contrataci\u00f3n del personal requerido para el funcionamiento de las USM, entre los cuales deber\u00e1n incluirse cuatro m\u00e9dicos psiquiatras, tres psic\u00f3logos y tres profesionales de enfermer\u00eda.<\/p>\n<p style=\"font-weight: 400;\">El Colegio Dominicano de Psic\u00f3logos llevar\u00e1 a cabo las capacitaciones y formaci\u00f3n continua, en coordinaci\u00f3n con la Escuela Nacional Penitenciaria, del personal que laborar\u00e1 en las Unidades de Salud Mental y brindar\u00e1 acompa\u00f1amiento en su puesta en funcionamiento, adem\u00e1s de velar por el cumplimiento de los principios \u00e9ticos que regulan la pr\u00e1ctica.<\/p>\n<p style=\"font-weight: 400;\">La Sociedad Dominicana de Psiquiatr\u00eda colaborar\u00e1 con las dem\u00e1s entidades en el reclutamiento, selecci\u00f3n y formaci\u00f3n de m\u00e9dicos psiquiatras para desempe\u00f1ar las funciones en las unidades y apoyar al Departamento de Salud Mental del Ministerio de Salud P\u00fablica en la elaboraci\u00f3n y actualizaci\u00f3n peri\u00f3dica de los manuales, gu\u00edas y protocolos de atenci\u00f3n a ser utilizados en las referidas unidades.<\/p>\n<p style=\"font-weight: 400;\">El acuerdo interinstitucional se sustenta en el art\u00edculo 3, literal g, de la Ley de Salud Mental (12-06), que establece que el Ministerio de Salud P\u00fablica deber\u00e1 \u201carticular pol\u00edticas y actividades de salud mental con las autoridades penitenciarias para proteger a las personas que padecen o han padecido enfermedades mentales y se encuentran en establecimientos carcelarios\u201d.<\/p>\n<p>Impactos: 43<\/p>","protected":false},"excerpt":{"rendered":"<p>SANTO DOMINGO (Rep\u00fablica Dominicana).-La procuradora general, Miriam Germ\u00e1n Brito, reafirm\u00f3 la disposici\u00f3n del Ministerio P\u00fablico de garantizar el acceso a servicios integrales de los<\/p>\n","protected":false},"author":3,"featured_media":14068,"comment_status":"open","ping_status":"closed","sticky":false,"template":"","format":"standard","meta":[],"categories":[3],"tags":[],"_links":{"self":[{"href":"https:\/\/hormigaradio.com\/index.php?rest_route=\/wp\/v2\/posts\/14066"}],"collection":[{"href":"https:\/\/hormigaradio.com\/index.php?rest_route=\/wp\/v2\/posts"}],"about":[{"href":"https:\/\/hormigaradio.com\/index.php?rest_route=\/wp\/v2\/types\/post"}],"author":[{"embeddable":true,"href":"https:\/\/hormigaradio.com\/index.php?rest_route=\/wp\/v2\/users\/3"}],"replies":[{"embeddable":true,"href":"https:\/\/hormigaradio.com\/index.php?rest_route=%2Fwp%2Fv2%2Fcomments&post=14066"}],"version-history":[{"count":3,"href":"https:\/\/hormigaradio.com\/index.php?rest_route=\/wp\/v2\/posts\/14066\/revisions"}],"predecessor-version":[{"id":14077,"href":"https:\/\/hormigaradio.com\/index.php?rest_route=\/wp\/v2\/posts\/14066\/revisions\/14077"}],"wp:featuredmedia":[{"embeddable":true,"href":"https:\/\/hormigaradio.com\/index.php?rest_route=\/wp\/v2\/media\/14068"}],"wp:attachment":[{"href":"https:\/\/hormigaradio.com\/index.php?rest_route=%2Fwp%2Fv2%2Fmedia&parent=14066"}],"wp:term":[{"taxonomy":"category","embeddable":true,"href":"https:\/\/hormigaradio.com\/index.php?rest_route=%2Fwp%2Fv2%2Fcategories&post=14066"},{"taxonomy":"post_tag","embeddable":true,"href":"https:\/\/hormigaradio.com\/index.php?rest_route=%2Fwp%2Fv2%2Ftags&post=14066"}],"curies":[{"name":"wp","href":"https:\/\/api.w.org\/{rel}","templated":true}]}}