{"id":14080,"date":"2021-09-28T12:34:40","date_gmt":"2021-09-28T12:34:40","guid":{"rendered":"http:\/\/hormigaradio.com\/?p=14080"},"modified":"2021-09-28T12:38:07","modified_gmt":"2021-09-28T12:38:07","slug":"sigue-este-martes-coercion-21-imputados-en-caso-operacion-falcon-video","status":"publish","type":"post","link":"https:\/\/hormigaradio.com\/?p=14080","title":{"rendered":"SIGUE ESTE MARTES COERCI\u00d3N 21 IMPUTADOS EN CASO OPERACI\u00d3N  FALC\u00d3N (v\u00eddeo)"},"content":{"rendered":"<div class=\"article-body-content\">\n<p>Por\u00a0<a class=\"text-font font-700\" href=\"https:\/\/acento.com.do\/autor\/index.html?user_slug=mlaureano\">M\u00c1XIMO LAUREANO<\/a><\/p>\n<p>SANTIAGO DE LOS CABALLEROS, Rep\u00fablica Dominicana.- Este martes a las 9:00 de la ma\u00f1ana proseguir\u00e1 el proceso de conocimiento de medida de coerci\u00f3n contra 21 imputados en la Operaci\u00f3n Falc\u00f3n de narcotr\u00e1fico y narcolavado, seg\u00fan decisi\u00f3n de la \u00a0jueza de la Oficina de Atenci\u00f3n Permanente del distrito judicial de Santiago, Iris Borges.<\/p>\n<p>El conocimiento de la medida se pospuso este lunes por\u00a0quinta vez y, seg\u00fan abogados de la defensa, esta vez fue por &#8220;asuntos de horarios&#8221;. La audiencia estuvo en desarrollo desde las 11: 00 de la ma\u00f1ana de este lunes.<\/p>\n<figure id=\"attachment_14083\" aria-describedby=\"caption-attachment-14083\" style=\"width: 300px\" class=\"wp-caption alignleft\"><a href=\"http:\/\/hormigaradio.com\/wp-content\/uploads\/2021\/09\/WhatsApp-Image-2021-09-28-at-7.39.18-AM-1.jpeg\"><img loading=\"lazy\" class=\"wp-image-14083 size-medium\" src=\"http:\/\/hormigaradio.com\/wp-content\/uploads\/2021\/09\/WhatsApp-Image-2021-09-28-at-7.39.18-AM-1-300x225.jpeg\" alt=\"\" width=\"300\" height=\"225\" srcset=\"https:\/\/hormigaradio.com\/wp-content\/uploads\/2021\/09\/WhatsApp-Image-2021-09-28-at-7.39.18-AM-1-300x225.jpeg 300w, https:\/\/hormigaradio.com\/wp-content\/uploads\/2021\/09\/WhatsApp-Image-2021-09-28-at-7.39.18-AM-1-768x576.jpeg 768w, https:\/\/hormigaradio.com\/wp-content\/uploads\/2021\/09\/WhatsApp-Image-2021-09-28-at-7.39.18-AM-1-1024x768.jpeg 1024w, https:\/\/hormigaradio.com\/wp-content\/uploads\/2021\/09\/WhatsApp-Image-2021-09-28-at-7.39.18-AM-1.jpeg 1600w\" sizes=\"(max-width: 300px) 100vw, 300px\" \/><\/a><figcaption id=\"caption-attachment-14083\" class=\"wp-caption-text\"><strong>Iris Borges.<\/strong><\/figcaption><\/figure>\n<p>Antes de reanudarse el proceso, se conoci\u00f3 de manera oficial que los jueces de la Corte de Apelaci\u00f3n de Santiago hab\u00edan rechazado la recusaci\u00f3n a la jueza Borges, depositada el jueves 23 de septiembre por abogados de la defensa que procuraron, a la postre de manera infructuosa, que la magistrada fuera sustituida.<\/p>\n<p>Los abogados de la defensa han solicitado inhibici\u00f3n y declaraci\u00f3n de incompetencia de la magistrada Iris Borges, jurisdicci\u00f3n privilegiada y una recusaci\u00f3n, sin que hasta la fecha lograran sus objetivos plateados en el tribunal desde que comenz\u00f3 el proceso, el 12 de septiembre.<\/p>\n<p>Los 21 ciudadanos procesados en la Operaci\u00f3n Falc\u00f3n fueron apresados en distintos operativos llevados a cabo en esta ciudad de Santiago de los Caballeros y otras demarcaciones del pa\u00eds, el 8 de septiembre.<\/p>\n<p>Otros cuatro implicados apresados con posterioridad tienen pautadas\u00a0 las medidas de coerci\u00f3n para el 1 y 13 de octubre.<\/p>\n<p>Los fiscales actuantes han reiterado que se mantienen &#8220;firmes y confiados&#8221; en que la jueza Borges a cargo de esta etapa inicial emitir\u00e1 un fallo que se corresponda con la gravedad de la imputaci\u00f3n de narcotr\u00e1fico y lavado de activos.<\/p>\n<\/div>\n<div>\n<p>El fiscal Wilson Camacho,\u00a0titular de la Procuradur\u00eda Especializada de Persecuci\u00f3n de la Corrupci\u00f3n Administrativa (Pepca), dijo al final de la jornada de este lunes que el Ministerio P\u00fablico ha presentado unas 250 pruebas y que sigue sumando otras que se incorporan a medida que se hacen otros operativos.<\/p>\n<p><iframe loading=\"lazy\" src=\"https:\/\/player.vimeo.com\/video\/616464479?h=8f36da2268&amp;color=ef0000\" width=\"640\" height=\"360\" frameborder=\"0\" allowfullscreen=\"allowfullscreen\"><\/iframe><\/p>\n<\/div>\n<div><\/div>\n<p>Impactos: 48<\/p>","protected":false},"excerpt":{"rendered":"<p>Por\u00a0M\u00c1XIMO LAUREANO SANTIAGO DE LOS CABALLEROS, Rep\u00fablica Dominicana.- Este martes a las 9:00 de la ma\u00f1ana proseguir\u00e1 el proceso de conocimiento de medida de<\/p>\n","protected":false},"author":3,"featured_media":14084,"comment_status":"open","ping_status":"closed","sticky":false,"template":"","format":"standard","meta":[],"categories":[3],"tags":[],"_links":{"self":[{"href":"https:\/\/hormigaradio.com\/index.php?rest_route=\/wp\/v2\/posts\/14080"}],"collection":[{"href":"https:\/\/hormigaradio.com\/index.php?rest_route=\/wp\/v2\/posts"}],"about":[{"href":"https:\/\/hormigaradio.com\/index.php?rest_route=\/wp\/v2\/types\/post"}],"author":[{"embeddable":true,"href":"https:\/\/hormigaradio.com\/index.php?rest_route=\/wp\/v2\/users\/3"}],"replies":[{"embeddable":true,"href":"https:\/\/hormigaradio.com\/index.php?rest_route=%2Fwp%2Fv2%2Fcomments&post=14080"}],"version-history":[{"count":3,"href":"https:\/\/hormigaradio.com\/index.php?rest_route=\/wp\/v2\/posts\/14080\/revisions"}],"predecessor-version":[{"id":14085,"href":"https:\/\/hormigaradio.com\/index.php?rest_route=\/wp\/v2\/posts\/14080\/revisions\/14085"}],"wp:featuredmedia":[{"embeddable":true,"href":"https:\/\/hormigaradio.com\/index.php?rest_route=\/wp\/v2\/media\/14084"}],"wp:attachment":[{"href":"https:\/\/hormigaradio.com\/index.php?rest_route=%2Fwp%2Fv2%2Fmedia&parent=14080"}],"wp:term":[{"taxonomy":"category","embeddable":true,"href":"https:\/\/hormigaradio.com\/index.php?rest_route=%2Fwp%2Fv2%2Fcategories&post=14080"},{"taxonomy":"post_tag","embeddable":true,"href":"https:\/\/hormigaradio.com\/index.php?rest_route=%2Fwp%2Fv2%2Ftags&post=14080"}],"curies":[{"name":"wp","href":"https:\/\/api.w.org\/{rel}","templated":true}]}}