{"id":14098,"date":"2021-09-30T23:51:57","date_gmt":"2021-09-30T23:51:57","guid":{"rendered":"http:\/\/hormigaradio.com\/?p=14098"},"modified":"2021-09-30T23:52:27","modified_gmt":"2021-09-30T23:52:27","slug":"tres-reclusos-por-rinas-en-carcel-rafey-santiago","status":"publish","type":"post","link":"https:\/\/hormigaradio.com\/?p=14098","title":{"rendered":"TRES RECLUSOS POR RI\u00d1AS EN C\u00c1RCEL RAFEY SANTIAGO"},"content":{"rendered":"<p><strong>H.R.<\/strong><\/p>\n<p>Tres reclusos del recinto de\u00a0<strong>Rafey para Hombres<\/strong>, en<strong>\u00a0Santiago<\/strong>, resultaron heridos durante una\u00a0<strong>ri\u00f1a<\/strong>\u00a0entre privados de libertad escenificada en el lugar.<\/p>\n<p>As\u00ed lo inform\u00f3 el\u00a0<strong>Modelo de Gesti\u00f3n Penitenciaria<\/strong>\u00a0(<strong>MGP<\/strong>), al destacar que uno de los heridos tuvo que ser\u00a0trasladado a un centro m\u00e9dico de esa ciudad.<\/p>\n<p>En el reporte, las autoridades explican que a las\u00a011:40 de la noche de ayer se produjo una trifulca entre internos en el \u00e1rea de observaci\u00f3n, en medio de la cual incendiaron dos colchones y con objetos corto-punzantes infirieron varias heridas a los internos\u00a0<strong>Frenlly Wilfredo Quezada Mora<\/strong>,\u00a0<strong>Carony Alc\u00e1ntara<\/strong>,\u00a0<strong>Robinson de Jes\u00fas Garc\u00eda<\/strong>\u00a0y\u00a0<strong>David Rodr\u00edguez Minaya<\/strong>.<\/p>\n<p>De inmediato, agreg\u00f3 el comunicado, las unidades especiales y de seguridad del<strong>\u00a0CCR<\/strong>\u00a0intervinieron para controlar la situaci\u00f3n, haciendo uso de los protocolos establecidos para este tipo de acciones y retomando el dominio del \u00e1rea.<\/p>\n<p>Dijo que Quezada Mora presentaba varias heridas en diferentes partes del cuerpo, motivo por el cual fue trasladado al hospital, mientras que Alc\u00e1ntara, De Jes\u00fas Garc\u00eda y Rodr\u00edguez Minaya recibieron atenciones en la unidad m\u00e9dica del mismo\u00a0<strong>CCR<\/strong>.<\/p>\n<p>Impactos: 55<\/p>","protected":false},"excerpt":{"rendered":"<p>H.R. Tres reclusos del recinto de\u00a0Rafey para Hombres, en\u00a0Santiago, resultaron heridos durante una\u00a0ri\u00f1a\u00a0entre privados de libertad escenificada en el lugar. As\u00ed lo inform\u00f3 el\u00a0Modelo<\/p>\n","protected":false},"author":3,"featured_media":11134,"comment_status":"open","ping_status":"closed","sticky":false,"template":"","format":"standard","meta":[],"categories":[3],"tags":[],"_links":{"self":[{"href":"https:\/\/hormigaradio.com\/index.php?rest_route=\/wp\/v2\/posts\/14098"}],"collection":[{"href":"https:\/\/hormigaradio.com\/index.php?rest_route=\/wp\/v2\/posts"}],"about":[{"href":"https:\/\/hormigaradio.com\/index.php?rest_route=\/wp\/v2\/types\/post"}],"author":[{"embeddable":true,"href":"https:\/\/hormigaradio.com\/index.php?rest_route=\/wp\/v2\/users\/3"}],"replies":[{"embeddable":true,"href":"https:\/\/hormigaradio.com\/index.php?rest_route=%2Fwp%2Fv2%2Fcomments&post=14098"}],"version-history":[{"count":1,"href":"https:\/\/hormigaradio.com\/index.php?rest_route=\/wp\/v2\/posts\/14098\/revisions"}],"predecessor-version":[{"id":14099,"href":"https:\/\/hormigaradio.com\/index.php?rest_route=\/wp\/v2\/posts\/14098\/revisions\/14099"}],"wp:featuredmedia":[{"embeddable":true,"href":"https:\/\/hormigaradio.com\/index.php?rest_route=\/wp\/v2\/media\/11134"}],"wp:attachment":[{"href":"https:\/\/hormigaradio.com\/index.php?rest_route=%2Fwp%2Fv2%2Fmedia&parent=14098"}],"wp:term":[{"taxonomy":"category","embeddable":true,"href":"https:\/\/hormigaradio.com\/index.php?rest_route=%2Fwp%2Fv2%2Fcategories&post=14098"},{"taxonomy":"post_tag","embeddable":true,"href":"https:\/\/hormigaradio.com\/index.php?rest_route=%2Fwp%2Fv2%2Ftags&post=14098"}],"curies":[{"name":"wp","href":"https:\/\/api.w.org\/{rel}","templated":true}]}}