{"id":14108,"date":"2021-10-01T13:05:17","date_gmt":"2021-10-01T13:05:17","guid":{"rendered":"http:\/\/hormigaradio.com\/?p=14108"},"modified":"2021-10-01T13:05:17","modified_gmt":"2021-10-01T13:05:17","slug":"presidente-luis-abinader-inaugura-232-apartamentos-y-da-primer-palazo-a-1248-nuevas-unidades","status":"publish","type":"post","link":"https:\/\/hormigaradio.com\/?p=14108","title":{"rendered":"PRESIDENTE LUIS ABINADER INAUGURA 232 APARTAMENTOS Y DA PRIMER PALAZO A 1248 NUEVAS UNIDADES."},"content":{"rendered":"<p><strong>H.R.<\/strong><\/p>\n<p>Santiago. &#8211; El presidente Luis Abinader inaugur\u00f3 la primera etapa de 232 apartamentos en el Proyecto Vistasol Sur ubicado en la avenida prolongaci\u00f3n Villa Ol\u00edmpica La Barranquita, y al mismo tiempo di\u00f3 el primer palazo para la construcci\u00f3n de las nuevas etapas en distintas localidades de la provincia de Santiago con 1,248 nuevas unidades en para los pr\u00f3ximos 2 a\u00f1os, la cual generar\u00e1 2,500 nuevos empleos para la ciudad.<\/p>\n<p><a href=\"http:\/\/hormigaradio.com\/wp-content\/uploads\/2021\/10\/WhatsApp-Image-2021-10-01-at-9.30.15-AM.jpeg\"><img loading=\"lazy\" class=\"alignleft size-medium wp-image-14109\" src=\"http:\/\/hormigaradio.com\/wp-content\/uploads\/2021\/10\/WhatsApp-Image-2021-10-01-at-9.30.15-AM-300x276.jpeg\" alt=\"\" width=\"300\" height=\"276\" srcset=\"https:\/\/hormigaradio.com\/wp-content\/uploads\/2021\/10\/WhatsApp-Image-2021-10-01-at-9.30.15-AM-300x276.jpeg 300w, https:\/\/hormigaradio.com\/wp-content\/uploads\/2021\/10\/WhatsApp-Image-2021-10-01-at-9.30.15-AM-768x706.jpeg 768w, https:\/\/hormigaradio.com\/wp-content\/uploads\/2021\/10\/WhatsApp-Image-2021-10-01-at-9.30.15-AM-1024x941.jpeg 1024w, https:\/\/hormigaradio.com\/wp-content\/uploads\/2021\/10\/WhatsApp-Image-2021-10-01-at-9.30.15-AM.jpeg 1600w\" sizes=\"(max-width: 300px) 100vw, 300px\" \/><\/a><\/p>\n<p>Jos\u00e9 Espinal, Presidente del Grupo Vistasol y Miguel Su\u00e1rez, Presidente del Grupo Pedreira, agradecieron la presencia del presidente de la Rep\u00fablica, Luis Abinader Corona, al tiempo que resaltaron que gracias a los esfuerzos del presidente, el sector construcci\u00f3n ha sobrevivido a la pandemia y se coloca como el principal responsable del crecimiento que ha experimentado el pa\u00eds en este a\u00f1o.<\/p>\n<p>\u201cCon un crecimiento interanual en el primer semestre de un 42.2%, que si bien es cierto responde en parte al efecto rebote por la desaceleraci\u00f3n de la econom\u00eda del 2020, esto no hubiese sido posible sin el excelente manejo de la peor crisis sanitaria que ha vivido el pa\u00eds en los \u00faltimos tiempos y las pol\u00edticas p\u00fablicas que ha desarrollado el gobierno, encabezado por el Presidente Luis Abinader\u201d resalt\u00f3 el ingeniero Su\u00e1rez durante su discurso.<\/p>\n<p>Por su parte, el ingeniero Espinal, ide\u00f3logo del proyecto Urbanizaci\u00f3n Vistasol, agradeci\u00f3 a las instituciones financieras su apoyo a lo largo del desarrollo de las primeras etapas inauguradas, as\u00ed como a las fiduciarias por su compromiso con facilitar el acceso y hacer posible que 232 familias puedan acceder hoy a viviendas econ\u00f3micas de calidad como las que desarrolla el Grupo Vistasol.<\/p>\n<p>\u201cHoy es un d\u00eda especial, porque con la presencia de nuestro se\u00f1or presidente, damos inicio formal a la construcci\u00f3n de 1,248 nuevas unidades de viviendas en tres puntos diferentes de la provincia Santiago. Viviendas que est\u00e1n vendidas en un 85% y que disminuir\u00e1n el d\u00e9ficit habitacionel que existe en el mercado gracias a la gesti\u00f3n de las instituciones p\u00fablicas y privadas que trabajan de la mano para cumplir con el objetivo de esta administraci\u00f3n fijado por nuestro se\u00f1or presidente\u201d. Puntualiz\u00f3 Jos\u00e9 Espinal en el discurso central de la actividad.<\/p>\n<p>De igual manera, el ing. Espinal habl\u00f3 de la oportunidad para el pa\u00eds de, mediante el desarrollo de la ley de alquiler, poder incentivar a la renta del 13.5% de viviendas desocupadas que actualmente est\u00e1n disponibles en el mercado.<\/p>\n<p>El encuentro sell\u00f3 la alianza estrat\u00e9gica entre estos dos importantes grupos empresariales, que combinan la visi\u00f3n de desarrollo de Vistasol del mercado inmobiliario de Santiago y la capacidad t\u00e9cnica gerencial de Pedreira de entregar un producto de calidad llave en mano.<\/p>\n<p>Acompa\u00f1aron al evento importantes autoridades nacionales y locales, como el senador Eduardo Estrella, la gobernadora Rosa Santos, el administrador general de Banreservas Samuel Pereira y el gerente general de Fiduciaria Banreservas Andres Vander Horst. Por parte de ambos grupos empresariales participaron sus principales ejecutivos, entre ellos Riccardo Caruso, Nathaly Lamourtte, Vladimir Santana, Edurne Mart\u00ednez y Jhofrey Calder\u00f3n.<\/p>\n<p>Impactos: 64<\/p>","protected":false},"excerpt":{"rendered":"<p>H.R. Santiago. &#8211; El presidente Luis Abinader inaugur\u00f3 la primera etapa de 232 apartamentos en el Proyecto Vistasol Sur ubicado en la avenida prolongaci\u00f3n<\/p>\n","protected":false},"author":3,"featured_media":14109,"comment_status":"open","ping_status":"closed","sticky":false,"template":"","format":"standard","meta":[],"categories":[3],"tags":[],"_links":{"self":[{"href":"https:\/\/hormigaradio.com\/index.php?rest_route=\/wp\/v2\/posts\/14108"}],"collection":[{"href":"https:\/\/hormigaradio.com\/index.php?rest_route=\/wp\/v2\/posts"}],"about":[{"href":"https:\/\/hormigaradio.com\/index.php?rest_route=\/wp\/v2\/types\/post"}],"author":[{"embeddable":true,"href":"https:\/\/hormigaradio.com\/index.php?rest_route=\/wp\/v2\/users\/3"}],"replies":[{"embeddable":true,"href":"https:\/\/hormigaradio.com\/index.php?rest_route=%2Fwp%2Fv2%2Fcomments&post=14108"}],"version-history":[{"count":1,"href":"https:\/\/hormigaradio.com\/index.php?rest_route=\/wp\/v2\/posts\/14108\/revisions"}],"predecessor-version":[{"id":14110,"href":"https:\/\/hormigaradio.com\/index.php?rest_route=\/wp\/v2\/posts\/14108\/revisions\/14110"}],"wp:featuredmedia":[{"embeddable":true,"href":"https:\/\/hormigaradio.com\/index.php?rest_route=\/wp\/v2\/media\/14109"}],"wp:attachment":[{"href":"https:\/\/hormigaradio.com\/index.php?rest_route=%2Fwp%2Fv2%2Fmedia&parent=14108"}],"wp:term":[{"taxonomy":"category","embeddable":true,"href":"https:\/\/hormigaradio.com\/index.php?rest_route=%2Fwp%2Fv2%2Fcategories&post=14108"},{"taxonomy":"post_tag","embeddable":true,"href":"https:\/\/hormigaradio.com\/index.php?rest_route=%2Fwp%2Fv2%2Ftags&post=14108"}],"curies":[{"name":"wp","href":"https:\/\/api.w.org\/{rel}","templated":true}]}}