{"id":14135,"date":"2021-10-02T14:29:15","date_gmt":"2021-10-02T14:29:15","guid":{"rendered":"http:\/\/hormigaradio.com\/?p=14135"},"modified":"2021-10-02T14:29:15","modified_gmt":"2021-10-02T14:29:15","slug":"prision-preventiva-de-18-meses-para-hermanos-imputados-en-operacion-falconvideo","status":"publish","type":"post","link":"https:\/\/hormigaradio.com\/?p=14135","title":{"rendered":"PRISI\u00d3N PREVENTIVA DE 18 MESES PARA HERMANOS IMPUTADOS EN OPERACI\u00d3N FALC\u00d3N(v\u00eddeo)"},"content":{"rendered":"<div class=\"article-body-content\">\n<p>Por\u00a0<a class=\"text-font font-700\" href=\"https:\/\/acento.com.do\/autor\/index.html?user_slug=mlaureano\">M\u00c1XIMO LAUREANO<\/a><\/p>\n<p>SANTIAGO DE LOS CABALLEROS, Rep\u00fablica Dominicana.- El juez del Departamento de Atenci\u00f3n Permanente del distrito judicial de Santiago, Cirilo Salom\u00f3n S\u00e1nchez, envi\u00f3 a prisi\u00f3n preventiva por 18 meses a dos hermanos imputados en la Operaci\u00f3n Falc\u00f3n.<\/p>\n<p>Se trata de Jos\u00e9 Alberto De Jes\u00fas Polanco y Alberto Emmanuel De Jes\u00fas Polanco, quienes est\u00e1n detenidos desde el 19 de septiembre del 2021.<\/p>\n<p>Tras salir de la audiencia, uno de los hermanos se declar\u00f3 inocente y exclam\u00f3:\u00a0&#8220;El Misterio P\u00fablico, no sirve, yo he trabajado desde los 15 a\u00f1os de edad&#8221;.<\/p>\n<p>El juez Salom\u00f3n S\u00e1nchez declar\u00f3 el caso complejo y dispuso que la medida sea revisada cada tres meses.<\/p>\n<p>El abogado de los hermanos De Jes\u00fas Polanco, Francisco Azcona Reyes, dijo que la prisi\u00f3n preventiva no se justifica porque &#8220;en este caso no hay peligro de fuga&#8221;, asegur\u00f3.<\/p>\n<p>El defensor de los hermanos De Jes\u00fas Polanco aleg\u00f3 que sus clientes se entregaron a las autoridades de manera voluntaria, lo que estim\u00f3 era &#8220;raz\u00f3n suficiente&#8221; para que no se dictara medida prisi\u00f3n preventiva en su contra.<\/p>\n<p><iframe loading=\"lazy\" src=\"https:\/\/player.vimeo.com\/video\/620379791?h=f01e7daddb&amp;color=ef0000\" width=\"640\" height=\"361\" frameborder=\"0\" allowfullscreen=\"allowfullscreen\" data-mce-fragment=\"1\"><\/iframe><\/div>\n<p>Impactos: 44<\/p>","protected":false},"excerpt":{"rendered":"<p>Por\u00a0M\u00c1XIMO LAUREANO SANTIAGO DE LOS CABALLEROS, Rep\u00fablica Dominicana.- El juez del Departamento de Atenci\u00f3n Permanente del distrito judicial de Santiago, Cirilo Salom\u00f3n S\u00e1nchez, envi\u00f3<\/p>\n","protected":false},"author":3,"featured_media":14136,"comment_status":"open","ping_status":"closed","sticky":false,"template":"","format":"standard","meta":[],"categories":[3],"tags":[],"_links":{"self":[{"href":"https:\/\/hormigaradio.com\/index.php?rest_route=\/wp\/v2\/posts\/14135"}],"collection":[{"href":"https:\/\/hormigaradio.com\/index.php?rest_route=\/wp\/v2\/posts"}],"about":[{"href":"https:\/\/hormigaradio.com\/index.php?rest_route=\/wp\/v2\/types\/post"}],"author":[{"embeddable":true,"href":"https:\/\/hormigaradio.com\/index.php?rest_route=\/wp\/v2\/users\/3"}],"replies":[{"embeddable":true,"href":"https:\/\/hormigaradio.com\/index.php?rest_route=%2Fwp%2Fv2%2Fcomments&post=14135"}],"version-history":[{"count":1,"href":"https:\/\/hormigaradio.com\/index.php?rest_route=\/wp\/v2\/posts\/14135\/revisions"}],"predecessor-version":[{"id":14137,"href":"https:\/\/hormigaradio.com\/index.php?rest_route=\/wp\/v2\/posts\/14135\/revisions\/14137"}],"wp:featuredmedia":[{"embeddable":true,"href":"https:\/\/hormigaradio.com\/index.php?rest_route=\/wp\/v2\/media\/14136"}],"wp:attachment":[{"href":"https:\/\/hormigaradio.com\/index.php?rest_route=%2Fwp%2Fv2%2Fmedia&parent=14135"}],"wp:term":[{"taxonomy":"category","embeddable":true,"href":"https:\/\/hormigaradio.com\/index.php?rest_route=%2Fwp%2Fv2%2Fcategories&post=14135"},{"taxonomy":"post_tag","embeddable":true,"href":"https:\/\/hormigaradio.com\/index.php?rest_route=%2Fwp%2Fv2%2Ftags&post=14135"}],"curies":[{"name":"wp","href":"https:\/\/api.w.org\/{rel}","templated":true}]}}