{"id":147,"date":"2017-11-23T04:35:25","date_gmt":"2017-11-23T04:35:25","guid":{"rendered":"http:\/\/hormigaradio.com\/?p=147"},"modified":"2017-11-26T14:15:40","modified_gmt":"2017-11-26T14:15:40","slug":"147","status":"publish","type":"post","link":"https:\/\/hormigaradio.com\/?p=147","title":{"rendered":"Helados bon abre navidad con sabor de temporada"},"content":{"rendered":"<p><strong>Evelin Valdez<\/strong><\/p>\n<figure id=\"attachment_155\" aria-describedby=\"caption-attachment-155\" style=\"width: 212px\" class=\"wp-caption alignleft\"><img loading=\"lazy\" class=\"wp-image-155 size-medium\" src=\"http:\/\/hormigaradio.com\/wp-content\/uploads\/2017\/11\/ejecuBON-212x300.jpg\" alt=\"\" width=\"212\" height=\"300\" srcset=\"https:\/\/hormigaradio.com\/wp-content\/uploads\/2017\/11\/ejecuBON-212x300.jpg 212w, https:\/\/hormigaradio.com\/wp-content\/uploads\/2017\/11\/ejecuBON-768x1087.jpg 768w, https:\/\/hormigaradio.com\/wp-content\/uploads\/2017\/11\/ejecuBON-723x1024.jpg 723w, https:\/\/hormigaradio.com\/wp-content\/uploads\/2017\/11\/ejecuBON.jpg 904w\" sizes=\"(max-width: 212px) 100vw, 212px\" \/><figcaption id=\"caption-attachment-155\" class=\"wp-caption-text\"><strong>Ram\u00f3n Caraballo (mercadeo)<\/strong><\/figcaption><\/figure>\n<p>Santiago de los Caballeros.- La noche de este martes la helader\u00eda La Mega, de esta ciudad, fue el escenario para la presentaci\u00f3n del sabor de temporada \u201cBon Bon Navide\u00f1o\u201d, elaborado especialmente para esta \u00e9poca del a\u00f1o, con su l\u00ednea premium Etiqueta Negra.<\/p>\n<p>Esta actividad se hizo de manera especial para quienes los acompa\u00f1aron, los ni\u00f1os, quienes fueron los protagonistas y degustaron del nuevo sabor que combina los chocolates tradicionales, blanco, con toques de avellana, salsa de dulce de leche y crujientes galletitas de chocolate en salsa de chocolate.<!--more--><\/p>\n<p>Roberto Caraballo, gerente de mercadeo, manifest\u00f3 que el compromiso de la marca, es brindar un producto de primera calidad, fomentando la uni\u00f3n familiar, que al momento de pensar en helado piensen en Bon.<!--more--><\/p>\n<p>\u201cNuestro compromiso es seguir conservando las tradiciones que nos caracterizan como dominicanos\u201d, dijo el ejecutivo.<\/p>\n<p>Estuvieron animando el ambiente con villancico y \u00a0canciones navide\u00f1as el coro art\u00edstico Armon\u00eda y un Santa Claus, con quienes grandes y chiscos se tomaron fotos, las cuales fueron entregadas de inmediato.<\/p>\n<p><img loading=\"lazy\" class=\"alignnone size-medium wp-image-156\" src=\"http:\/\/hormigaradio.com\/wp-content\/uploads\/2017\/11\/NI\u00d1OBON-300x200.jpg\" alt=\"\" width=\"300\" height=\"200\" srcset=\"https:\/\/hormigaradio.com\/wp-content\/uploads\/2017\/11\/NI\u00d1OBON-300x200.jpg 300w, https:\/\/hormigaradio.com\/wp-content\/uploads\/2017\/11\/NI\u00d1OBON-768x512.jpg 768w, https:\/\/hormigaradio.com\/wp-content\/uploads\/2017\/11\/NI\u00d1OBON-1024x682.jpg 1024w, https:\/\/hormigaradio.com\/wp-content\/uploads\/2017\/11\/NI\u00d1OBON.jpg 1280w\" sizes=\"(max-width: 300px) 100vw, 300px\" \/><\/p>\n<p>Con los nuevos sabores podr\u00e1n disfrutar por tiempo limitado de tarta helada, de sundaes, barquitos, malteadas, danesas, bonitos, cajitas y cubos, en las diferentes tiendas.<\/p>\n<p>Carolina Pantale\u00f3n directora de mercadeo de Bon, resalt\u00f3 que est\u00e1n en un proceso de trasformaci\u00f3n para las diferentes helader\u00edas, generando momentos felices atreves de los productos que invitan a darse gusto y a compartir.<\/p>\n<p>Impactos: 250<\/p>","protected":false},"excerpt":{"rendered":"<p>Evelin Valdez Santiago de los Caballeros.- La noche de este martes la helader\u00eda La Mega, de esta ciudad, fue el escenario para la presentaci\u00f3n<\/p>\n","protected":false},"author":3,"featured_media":151,"comment_status":"open","ping_status":"closed","sticky":false,"template":"","format":"standard","meta":[],"categories":[3],"tags":[],"_links":{"self":[{"href":"https:\/\/hormigaradio.com\/index.php?rest_route=\/wp\/v2\/posts\/147"}],"collection":[{"href":"https:\/\/hormigaradio.com\/index.php?rest_route=\/wp\/v2\/posts"}],"about":[{"href":"https:\/\/hormigaradio.com\/index.php?rest_route=\/wp\/v2\/types\/post"}],"author":[{"embeddable":true,"href":"https:\/\/hormigaradio.com\/index.php?rest_route=\/wp\/v2\/users\/3"}],"replies":[{"embeddable":true,"href":"https:\/\/hormigaradio.com\/index.php?rest_route=%2Fwp%2Fv2%2Fcomments&post=147"}],"version-history":[{"count":6,"href":"https:\/\/hormigaradio.com\/index.php?rest_route=\/wp\/v2\/posts\/147\/revisions"}],"predecessor-version":[{"id":157,"href":"https:\/\/hormigaradio.com\/index.php?rest_route=\/wp\/v2\/posts\/147\/revisions\/157"}],"wp:featuredmedia":[{"embeddable":true,"href":"https:\/\/hormigaradio.com\/index.php?rest_route=\/wp\/v2\/media\/151"}],"wp:attachment":[{"href":"https:\/\/hormigaradio.com\/index.php?rest_route=%2Fwp%2Fv2%2Fmedia&parent=147"}],"wp:term":[{"taxonomy":"category","embeddable":true,"href":"https:\/\/hormigaradio.com\/index.php?rest_route=%2Fwp%2Fv2%2Fcategories&post=147"},{"taxonomy":"post_tag","embeddable":true,"href":"https:\/\/hormigaradio.com\/index.php?rest_route=%2Fwp%2Fv2%2Ftags&post=147"}],"curies":[{"name":"wp","href":"https:\/\/api.w.org\/{rel}","templated":true}]}}