{"id":14818,"date":"2021-12-28T02:35:57","date_gmt":"2021-12-28T02:35:57","guid":{"rendered":"http:\/\/hormigaradio.com\/?p=14818"},"modified":"2021-12-28T02:35:57","modified_gmt":"2021-12-28T02:35:57","slug":"sociedad-progresista-y-familia-morilla-chimbin-auspician-concierto-musica-de-camara","status":"publish","type":"post","link":"https:\/\/hormigaradio.com\/?p=14818","title":{"rendered":"SOCIEDAD PROGRESISTA Y FAMILIA MORILLA (CHIMB\u00cdN) AUSPICIAN CONCIERTO M\u00daSICA DE C\u00c1MARA"},"content":{"rendered":"<p><a href=\"http:\/\/hormigaradio.com\/wp-content\/uploads\/2021\/12\/WhatsApp-Image-2021-12-27-at-10.44.22-AM.jpeg\"><img loading=\"lazy\" class=\"alignleft size-medium wp-image-14819\" src=\"http:\/\/hormigaradio.com\/wp-content\/uploads\/2021\/12\/WhatsApp-Image-2021-12-27-at-10.44.22-AM-300x200.jpeg\" alt=\"\" width=\"300\" height=\"200\" srcset=\"https:\/\/hormigaradio.com\/wp-content\/uploads\/2021\/12\/WhatsApp-Image-2021-12-27-at-10.44.22-AM-300x200.jpeg 300w, https:\/\/hormigaradio.com\/wp-content\/uploads\/2021\/12\/WhatsApp-Image-2021-12-27-at-10.44.22-AM-768x512.jpeg 768w, https:\/\/hormigaradio.com\/wp-content\/uploads\/2021\/12\/WhatsApp-Image-2021-12-27-at-10.44.22-AM-1024x682.jpeg 1024w, https:\/\/hormigaradio.com\/wp-content\/uploads\/2021\/12\/WhatsApp-Image-2021-12-27-at-10.44.22-AM.jpeg 1280w\" sizes=\"(max-width: 300px) 100vw, 300px\" \/><\/a>La Vega. Como parte de la celebraci\u00f3n del 143 aniversario de fundaci\u00f3n de la instituci\u00f3n cultural Sociedad La Progresista, en coordinaci\u00f3n con la familia Morilla fue presentado un Concierto de M\u00fasica de C\u00e1mara con el concertista Luis Morilla.<\/p>\n<p>Con esta iniciativa la familia Morilla, consolida su tradici\u00f3n y vinculaci\u00f3n a la m\u00fasica con representantes de tres generaciones en este importante quehacer cultural y con incidencia en el estudio de la m\u00fasica desde la Academia y la Banda Municipal de M\u00fasica de La Vega.<\/p>\n<p>Entre los int\u00e9rpretes \u00a0de la familia Morilla figuran Luis Emilio Morilla Bodden (Don Chimb\u00edn) saxofonista, Luis Morilla G\u00f3mez trompetista, Jose H. Morilla G\u00f3mez, clarinetista, M\u00e1ximo E. Morilla G\u00f3mez trompetista, Vinicio Reyes cornetista, S\u00f3crates Morilla bombardino, Joaqu\u00edn G\u00f3mez clarinetista, as\u00ed como Ivanna Mia Concepci\u00f3n Morilla violinista, Luis Rafael Morilla guitarrista, Iv\u00e1n Morilla Morel clarinetista, Rafael Am\u00edn Fern\u00e1ndez Morilla guitarrista, Samir Cana\u00e1n Morilla saxofonista y Luis Alberto Morilla trompetista y concertista de la actividad.<\/p>\n<p>El concierto incluy\u00f3 un programa cl\u00e1sico y variado con piezas como \u201cAlla Rustica&#8221; de A. Vivaldi, Concierto para trompeta de \u00a0G. Torelli, Serenata No 13 para cuerdas de W. Mozart, as\u00ed como Serenata en La Menos de Julio Alberto Hern\u00e1ndez y la estelar \u201cFantas\u00eda Vegana\u201d para Trompeta, en uno de los momentos m\u00e1s relevantes y emotivos del concierto.<\/p>\n<p>El concertista Luis Alberto Morilla Rodr\u00edguez forma parte de la tercera generaci\u00f3n de la familia Morilla y es asistente principal de la Orquesta Sinf\u00f3nica Nacional, Quinteto de Metales de Santo Domingo y Caribbean Brass.<\/p>\n<p>\u201cDedicamos este concierto a todos los integrantes de la familia Morilla, honorable y respetable que han llenado con mucho decoro p\u00e1ginas indelebles de la historia de las artes de nuestro pa\u00eds y han dejado sus huellas como grandes art\u00edfices del arte musical en varias generaciones\u201d dijo Henry Mart\u00edn Santos presidente de la Sociedad Progresista.<\/p>\n<p>Durante la actividad fueron realizados reconocimientos especiales a los destacados m\u00fasicos de veganos \u00a0N\u00e9stor \u00c1lvarez, Ram\u00f3n Fern\u00e1ndez y Manuel de Jes\u00fas Abreu, as\u00ed como homenaje p\u00f3stumos a las familias de Luis Morilla Bodden (Don Chimb\u00edn) y Luis E. Morilla G\u00f3mez.<\/p>\n<p>En representaci\u00f3n de los Morilla habl\u00f3 el empresario y abogado Francisco Morilla.<\/p>\n<p>La velada musical culmin\u00f3 con un popurr\u00ed de villancicos tradicionales navide\u00f1os.<\/p>\n<p>&nbsp;<\/p>\n<p>Impactos: 47<\/p>","protected":false},"excerpt":{"rendered":"<p>La Vega. Como parte de la celebraci\u00f3n del 143 aniversario de fundaci\u00f3n de la instituci\u00f3n cultural Sociedad La Progresista, en coordinaci\u00f3n con la familia<\/p>\n","protected":false},"author":3,"featured_media":14820,"comment_status":"open","ping_status":"closed","sticky":false,"template":"","format":"standard","meta":[],"categories":[3],"tags":[],"_links":{"self":[{"href":"https:\/\/hormigaradio.com\/index.php?rest_route=\/wp\/v2\/posts\/14818"}],"collection":[{"href":"https:\/\/hormigaradio.com\/index.php?rest_route=\/wp\/v2\/posts"}],"about":[{"href":"https:\/\/hormigaradio.com\/index.php?rest_route=\/wp\/v2\/types\/post"}],"author":[{"embeddable":true,"href":"https:\/\/hormigaradio.com\/index.php?rest_route=\/wp\/v2\/users\/3"}],"replies":[{"embeddable":true,"href":"https:\/\/hormigaradio.com\/index.php?rest_route=%2Fwp%2Fv2%2Fcomments&post=14818"}],"version-history":[{"count":1,"href":"https:\/\/hormigaradio.com\/index.php?rest_route=\/wp\/v2\/posts\/14818\/revisions"}],"predecessor-version":[{"id":14821,"href":"https:\/\/hormigaradio.com\/index.php?rest_route=\/wp\/v2\/posts\/14818\/revisions\/14821"}],"wp:featuredmedia":[{"embeddable":true,"href":"https:\/\/hormigaradio.com\/index.php?rest_route=\/wp\/v2\/media\/14820"}],"wp:attachment":[{"href":"https:\/\/hormigaradio.com\/index.php?rest_route=%2Fwp%2Fv2%2Fmedia&parent=14818"}],"wp:term":[{"taxonomy":"category","embeddable":true,"href":"https:\/\/hormigaradio.com\/index.php?rest_route=%2Fwp%2Fv2%2Fcategories&post=14818"},{"taxonomy":"post_tag","embeddable":true,"href":"https:\/\/hormigaradio.com\/index.php?rest_route=%2Fwp%2Fv2%2Ftags&post=14818"}],"curies":[{"name":"wp","href":"https:\/\/api.w.org\/{rel}","templated":true}]}}