{"id":14830,"date":"2021-12-31T05:28:23","date_gmt":"2021-12-31T05:28:23","guid":{"rendered":"http:\/\/hormigaradio.com\/?p=14830"},"modified":"2021-12-31T05:32:12","modified_gmt":"2021-12-31T05:32:12","slug":"por-servicios-de-acento-com-do","status":"publish","type":"post","link":"https:\/\/hormigaradio.com\/?p=14830","title":{"rendered":"ABINADER VALORA LABOR DE LOS MILITARES"},"content":{"rendered":"<p>Por\u00a0<a class=\"text-font font-700\" href=\"https:\/\/acento.com.do\/autor\/index.html?user_slug=servicios\">SERVICIOS DE ACENTO.COM.DO<\/a><\/p>\n<p>El presidente\u00a0<strong>Luis Abinader<\/strong>\u00a0afirm\u00f3 este jueves que los militares dominicanos vigilan y protegen el pa\u00eds, mientras unos &#8220;cenan felices y duermen tranquilos&#8221;, seg\u00fan destac\u00f3 un documento de Presidencia.<\/p>\n<p>Abinader, quien se reuni\u00f3 con altos mandos de las Fuerzas Armadas en la provincia fronteriza de El\u00edas Pi\u00f1a vestido con uniforme militar,\u00a0<strong>enfatiz\u00f3 en que los soldados luchan por mantener la integridad territorial, al tiempo de contribuir con la seguridad ciudadana<\/strong>.<\/p>\n<p>El gobernante ofreci\u00f3 un almuerzo a militares de la\u00a0<strong>Fortaleza Estrelleta, en el municipio cabecera de Comendador<\/strong>, donde asegur\u00f3 que el pa\u00eds reconoce, apoya y siente &#8220;mucha admiraci\u00f3n&#8221; y &#8220;gratitud&#8221; por los militares.<\/p>\n<p>Les exhort\u00f3 a continuar realizando el &#8220;extraordinario&#8221; y &#8220;dedicado&#8221; trabajo que, con mucho esfuerzo y sin poner ninguna excusa, hacen cada d\u00eda en favor de la patria.<\/p>\n<p><strong>Prometi\u00f3 que desde el Gobierno se continuar\u00e1n mejorando las condiciones de las instalaciones militares<\/strong>, as\u00ed como de los ingresos y equipamiento de los miembros de las Fuerzas Armadas.<\/p>\n<p>El jefe de Estado estuvo acompa\u00f1ado por\u00a0<strong>el ministro de Defensa, Carlos D\u00edaz Morfa, y el comandante general del Ej\u00e9rcito Dominicano, Julio Ernesto Flori\u00e1n P\u00e9rez<\/strong>.<\/p>\n<p><strong>El Gobierno ha anunciado que este a\u00f1o se propone dar inicio a la construcci\u00f3n de una valla en la frontera con Hait\u00ed, de casi 400 kil\u00f3metros<\/strong>, para combatir el tr\u00e1fico de indocumentados, armas, drogas y el contrabando, entre otros il\u00edcitos<\/p>\n<p>Impactos: 53<\/p>","protected":false},"excerpt":{"rendered":"<p>Por\u00a0SERVICIOS DE ACENTO.COM.DO El presidente\u00a0Luis Abinader\u00a0afirm\u00f3 este jueves que los militares dominicanos vigilan y protegen el pa\u00eds, mientras unos &#8220;cenan felices y duermen tranquilos&#8221;,<\/p>\n","protected":false},"author":3,"featured_media":14833,"comment_status":"open","ping_status":"closed","sticky":false,"template":"","format":"standard","meta":[],"categories":[3],"tags":[],"_links":{"self":[{"href":"https:\/\/hormigaradio.com\/index.php?rest_route=\/wp\/v2\/posts\/14830"}],"collection":[{"href":"https:\/\/hormigaradio.com\/index.php?rest_route=\/wp\/v2\/posts"}],"about":[{"href":"https:\/\/hormigaradio.com\/index.php?rest_route=\/wp\/v2\/types\/post"}],"author":[{"embeddable":true,"href":"https:\/\/hormigaradio.com\/index.php?rest_route=\/wp\/v2\/users\/3"}],"replies":[{"embeddable":true,"href":"https:\/\/hormigaradio.com\/index.php?rest_route=%2Fwp%2Fv2%2Fcomments&post=14830"}],"version-history":[{"count":2,"href":"https:\/\/hormigaradio.com\/index.php?rest_route=\/wp\/v2\/posts\/14830\/revisions"}],"predecessor-version":[{"id":14832,"href":"https:\/\/hormigaradio.com\/index.php?rest_route=\/wp\/v2\/posts\/14830\/revisions\/14832"}],"wp:featuredmedia":[{"embeddable":true,"href":"https:\/\/hormigaradio.com\/index.php?rest_route=\/wp\/v2\/media\/14833"}],"wp:attachment":[{"href":"https:\/\/hormigaradio.com\/index.php?rest_route=%2Fwp%2Fv2%2Fmedia&parent=14830"}],"wp:term":[{"taxonomy":"category","embeddable":true,"href":"https:\/\/hormigaradio.com\/index.php?rest_route=%2Fwp%2Fv2%2Fcategories&post=14830"},{"taxonomy":"post_tag","embeddable":true,"href":"https:\/\/hormigaradio.com\/index.php?rest_route=%2Fwp%2Fv2%2Ftags&post=14830"}],"curies":[{"name":"wp","href":"https:\/\/api.w.org\/{rel}","templated":true}]}}