{"id":14834,"date":"2021-12-31T05:37:53","date_gmt":"2021-12-31T05:37:53","guid":{"rendered":"http:\/\/hormigaradio.com\/?p=14834"},"modified":"2021-12-31T05:44:50","modified_gmt":"2021-12-31T05:44:50","slug":"a-la-hidroelectrica-de-las-placetas","status":"publish","type":"post","link":"https:\/\/hormigaradio.com\/?p=14834","title":{"rendered":"A LA HIDROEL\u00c9CTRICA DE &#8220;LAS PLACETAS&#8221;"},"content":{"rendered":"<p><strong>Por Ram\u00f3n de Luna\/Firma invitada.<\/strong><\/p>\n<!--[if lt IE 9]><script>document.createElement('audio');<\/script><![endif]-->\n<audio class=\"wp-audio-shortcode\" id=\"audio-14834-1\" preload=\"none\" style=\"width: 100%;\" controls=\"controls\"><source type=\"audio\/ogg\" src=\"http:\/\/hormigaradio.com\/wp-content\/uploads\/2021\/12\/WhatsApp-Audio-2021-12-30-at-9.29.51-AM.ogg?_=1\" \/><a href=\"http:\/\/hormigaradio.com\/wp-content\/uploads\/2021\/12\/WhatsApp-Audio-2021-12-30-at-9.29.51-AM.ogg\">http:\/\/hormigaradio.com\/wp-content\/uploads\/2021\/12\/WhatsApp-Audio-2021-12-30-at-9.29.51-AM.ogg<\/a><\/audio>\n<p>Santiago.-Los habitantes de ese paradis\u00edaco lugar que est\u00e1 encaramado all\u00e1, en lo alto de la Cordillera \u201cCentral\u201d, los lugare\u00f1os viven momentos de preocupaci\u00f3n por los planes que tiene en agenda el gobierno central de construir una represa cuyas aguas inundar\u00edan sitios hist\u00f3ricos y tur\u00edsticos que tradicionalmente generaci\u00f3n tras generaci\u00f3n se ha solazado en ellos.<\/p>\n<figure id=\"attachment_14716\" aria-describedby=\"caption-attachment-14716\" style=\"width: 150px\" class=\"wp-caption alignleft\"><a href=\"http:\/\/hormigaradio.com\/wp-content\/uploads\/2021\/12\/ramon-de-luna-2.jpg\"><img loading=\"lazy\" class=\"wp-image-14716 size-thumbnail\" src=\"http:\/\/hormigaradio.com\/wp-content\/uploads\/2021\/12\/ramon-de-luna-2-150x150.jpg\" alt=\"\" width=\"150\" height=\"150\" srcset=\"https:\/\/hormigaradio.com\/wp-content\/uploads\/2021\/12\/ramon-de-luna-2-150x150.jpg 150w, https:\/\/hormigaradio.com\/wp-content\/uploads\/2021\/12\/ramon-de-luna-2-215x215.jpg 215w\" sizes=\"(max-width: 150px) 100vw, 150px\" \/><\/a><figcaption id=\"caption-attachment-14716\" class=\"wp-caption-text\"><em><strong>Ram\u00f3n de Luna.<\/strong><\/em><\/figcaption><\/figure>\n<p>Me permito tras polar en este comentario algo parecido que ocurre en las monta\u00f1as del norte de Guatemala, donde conviven la riqueza y la pobreza, donde abundan las regiones m\u00e1s ricas en recursos naturales y los habitantes que all\u00ed sobreviven de la cultura de los mayas protagonizan una lucha tenaz en defensa de la tierra y el agua, algo que consideran sagrados. Un profesor maya es uno de los l\u00edderes de la que consideran las \u00faltimas batallas contra los grandes proyectos privados que ya se han instalado para aprovechar el agua de los r\u00edos.<\/p>\n<p>Ese aborigen maya fue encarcelado tras infundadas acusaciones de robar propiedades y la retenci\u00f3n de unos obreros, por lo que ha sido llevado a la justicia del pa\u00eds centroamericano. Todo ha sido porque el movimiento que dirige logr\u00f3 la suspensi\u00f3n de los trabajos de un proyecto hidroel\u00e9ctrico que all\u00ed se piensa instalar.<\/p>\n<p>Una lucha parecida es la emprendida por los lugare\u00f1os de Las Placetas, que si bien no han sido agredidos, est\u00e1n temerosos de perder los sitios de veraneos para turistas, los ba\u00f1aderos y gran parte de la foresta integrada por miles y miles de \u00e1rboles de pino, bosques lujuriosos e intensamente verdes,<\/p>\n<p>El gobierno dominicano debiera escuchar los testimonios de la gente de Las Placetas; escucharlos con atenci\u00f3n, sopesar sus argumentos. Sabemos de la importancia de una hidroel\u00e9ctrica, pues significa energ\u00eda limpia Y Utilizaci\u00f3n de aguas que act\u00faa mente se pierden en el mar.<\/p>\n<p>Es posible encontrar un lugar r\u00edo abajo para la referida hidroel\u00e9ctrica, cuyas aguas no inunden ninguna poblaci\u00f3n campesina, ni afecten lugares para el aprovechamiento tur\u00edstico. Estamos seguros que existen y que se tendr\u00e1 en cuenta los argumentos esgrimidos por una comunidad serrana, de gente alegre, divertida y trabajadora, que temen ver parte de sus ra\u00edces sumergidas para siempre.<\/p>\n<p>Esc\u00fachenla, se\u00f1ores del gobierno. Sabemos que el se\u00f1or presidente Luis Abinader, est\u00e1 permanentemente escuchando los latidos de su pueblo.<\/p>\n<p>Impactos: 63<\/p>","protected":false},"excerpt":{"rendered":"<p>Por Ram\u00f3n de Luna\/Firma invitada. Santiago.-Los habitantes de ese paradis\u00edaco lugar que est\u00e1 encaramado all\u00e1, en lo alto de la Cordillera \u201cCentral\u201d, los lugare\u00f1os<\/p>\n","protected":false},"author":3,"featured_media":14779,"comment_status":"open","ping_status":"closed","sticky":false,"template":"","format":"standard","meta":[],"categories":[7],"tags":[],"_links":{"self":[{"href":"https:\/\/hormigaradio.com\/index.php?rest_route=\/wp\/v2\/posts\/14834"}],"collection":[{"href":"https:\/\/hormigaradio.com\/index.php?rest_route=\/wp\/v2\/posts"}],"about":[{"href":"https:\/\/hormigaradio.com\/index.php?rest_route=\/wp\/v2\/types\/post"}],"author":[{"embeddable":true,"href":"https:\/\/hormigaradio.com\/index.php?rest_route=\/wp\/v2\/users\/3"}],"replies":[{"embeddable":true,"href":"https:\/\/hormigaradio.com\/index.php?rest_route=%2Fwp%2Fv2%2Fcomments&post=14834"}],"version-history":[{"count":3,"href":"https:\/\/hormigaradio.com\/index.php?rest_route=\/wp\/v2\/posts\/14834\/revisions"}],"predecessor-version":[{"id":14838,"href":"https:\/\/hormigaradio.com\/index.php?rest_route=\/wp\/v2\/posts\/14834\/revisions\/14838"}],"wp:featuredmedia":[{"embeddable":true,"href":"https:\/\/hormigaradio.com\/index.php?rest_route=\/wp\/v2\/media\/14779"}],"wp:attachment":[{"href":"https:\/\/hormigaradio.com\/index.php?rest_route=%2Fwp%2Fv2%2Fmedia&parent=14834"}],"wp:term":[{"taxonomy":"category","embeddable":true,"href":"https:\/\/hormigaradio.com\/index.php?rest_route=%2Fwp%2Fv2%2Fcategories&post=14834"},{"taxonomy":"post_tag","embeddable":true,"href":"https:\/\/hormigaradio.com\/index.php?rest_route=%2Fwp%2Fv2%2Ftags&post=14834"}],"curies":[{"name":"wp","href":"https:\/\/api.w.org\/{rel}","templated":true}]}}