{"id":14839,"date":"2022-01-02T14:16:51","date_gmt":"2022-01-02T14:16:51","guid":{"rendered":"http:\/\/hormigaradio.com\/?p=14839"},"modified":"2022-01-02T14:20:28","modified_gmt":"2022-01-02T14:20:28","slug":"esto-le-paso-al-hombre-que-robo-camioneta-de-la-policia","status":"publish","type":"post","link":"https:\/\/hormigaradio.com\/?p=14839","title":{"rendered":"ESTO LE PAS\u00d3 AL HOMBRE QUE ROB\u00d3 CAMIONETA DE LA POLIC\u00cdA"},"content":{"rendered":"<p>Por\u00a0<a class=\"text-font font-700\" href=\"https:\/\/acento.com.do\/autor\/index.html?user_slug=mlaureano\">M\u00c1XIMO LAUREANO<\/a><\/p>\n<p>La jueza de la\u00a0<strong>Oficina Judicial de Servicios de<\/strong>\u00a0A<strong>tenci\u00f3n Permanente<\/strong>\u00a0del distrito judicial de\u00a0<strong>Santiago, Kimberly Tatis Soto<\/strong>, orden\u00f3 prisi\u00f3n preventiva de tres meses contra el joven\u00a0<strong>Arturo L\u00f3pez Silverio,<\/strong>\u00a0quien la madrugada del domingo rob\u00f3 una camioneta de una patrulla de la<strong>\u00a0Polic\u00eda Nacional<\/strong>\u00a0en\u00a0<strong>Villa Gonz\u00e1lez<\/strong>.<\/p>\n<p><iframe loading=\"lazy\" src=\"https:\/\/player.vimeo.com\/video\/661482774?h=fe8b6a90dc&amp;color=ef0000\" width=\"640\" height=\"853\" frameborder=\"0\" allowfullscreen=\"allowfullscreen\" data-mce-fragment=\"1\"><\/iframe><\/p>\n<p><strong>Arturo L\u00f3pez Silverio<\/strong>, quien se mont\u00f3 en la camioneta de la patrulla y arranc\u00f3 como en una escena de la pel\u00edcula\u00a0<strong>\u201cRapido y Furioso\u201d<\/strong>, habr\u00eda atropellado a dos agentes policiales, seg\u00fan justific\u00f3 el Ministerio P\u00fablico en el tribunal.<\/p>\n<p>En sus argumentos los fiscales tipificaron la acci\u00f3n del joven\u00a0<strong>L\u00f3pez Silverio<\/strong>\u00a0como un atentado contra los agentes policiales,\u00a0<strong>Dennis V\u00e1squez Col\u00f3n y Kelvin Garc\u00eda.<\/strong><\/p>\n<p>Al imputado\u00a0<strong>L\u00f3pez Silverio<\/strong>\u00a0se le atribuye la violaci\u00f3n a los art\u00edculos 2, 295 y 304 del C\u00f3digo Penal Dominicano (CPD), en perjuicio de los agentes.<\/p>\n<p>Adem\u00e1s, le imputa haber violado los art\u00edculos 379 y 383 del C\u00f3digo Penal, que castigan el robo cometido en perjuicio del Estado Dominicano.<\/p>\n<p>La Fiscal\u00eda inform\u00f3 que l<strong>a jueza Tatis Soto dispuso que L\u00f3pez Silverio cumpla la prisi\u00f3n preventiva de tres meses en el Centro de Correcci\u00f3n y Rehabilitaci\u00f3n El Pinito,<\/strong>provincia<strong>\u00a0La Vega<\/strong>.<\/p>\n<div id=\"news-4-13\" class=\"banner-box\" data-dfpasync=\"\" data-bannerdesktop=\"true\" data-bannermobile=\"true\">\n<div id=\"div-gpt-ad-1569425899117-24\" data-bannernombre=\"5168668\/News_Middle_02\" data-bannersize=\"[[728, 90]]\" data-bannermapping=\"mapping8\"><\/div>\n<\/div>\n<p>&#8220;Tomemos conciencia sobre la gravedad de lo ocurrido, que env\u00eda un muy mal mensaje&#8221;, ha dicho Osvaldo Bonilla Hiraldo, fiscal titular de Santiago, en relaci\u00f3n al hecho.<\/p>\n<p>Seg\u00fan los detalles recogidos por el Ministerio P\u00fablico, el imputado aprovech\u00f3 el momento en que Rudy Marcos S\u00e1nchez Rodr\u00edguez (cabo) y Mart\u00edn Antonio Garc\u00eda Bernabel (segundo teniente) salieron de la unidad policial para controlar el volumen de la m\u00fasica en el lugar.<\/p>\n<p>\u201cEn esa circunstancia, L\u00f3pez Silverio, abord\u00f3 la unidad policial n\u00famero 784, marca Isuzu, ficha F-5784, y huy\u00f3 en ella. En ese intento de huida el sospechoso, de manera intencional, embisti\u00f3 a los polic\u00edas Dennis Antonio V\u00e1squez Col\u00f3n y Kelvin Garc\u00eda, quienes se acercaban a la citada zona en caos a bordo de una motocicleta oficial, para auxiliar a los agentes de la patrulla, quienes hab\u00edan solicitado refuerzos\u201d, refiere la Fiscal\u00eda.<\/p>\n<p>El Ministerio P\u00fablico sustenta la imputaci\u00f3n en pruebas documentales, periciales, testimoniales e ilustrativas recabadas en la investigaci\u00f3n, adem\u00e1s en las certificaciones que emiti\u00f3 el Instituto Nacional de Ciencias Forenses (Inacif) sobre las heridas y golpes sufridos por los agentes arrollados<\/p>\n<p>Impactos: 47<\/p>","protected":false},"excerpt":{"rendered":"<p>Por\u00a0M\u00c1XIMO LAUREANO La jueza de la\u00a0Oficina Judicial de Servicios de\u00a0Atenci\u00f3n Permanente\u00a0del distrito judicial de\u00a0Santiago, Kimberly Tatis Soto, orden\u00f3 prisi\u00f3n preventiva de tres meses contra<\/p>\n","protected":false},"author":3,"featured_media":14842,"comment_status":"open","ping_status":"closed","sticky":false,"template":"","format":"standard","meta":[],"categories":[3],"tags":[],"_links":{"self":[{"href":"https:\/\/hormigaradio.com\/index.php?rest_route=\/wp\/v2\/posts\/14839"}],"collection":[{"href":"https:\/\/hormigaradio.com\/index.php?rest_route=\/wp\/v2\/posts"}],"about":[{"href":"https:\/\/hormigaradio.com\/index.php?rest_route=\/wp\/v2\/types\/post"}],"author":[{"embeddable":true,"href":"https:\/\/hormigaradio.com\/index.php?rest_route=\/wp\/v2\/users\/3"}],"replies":[{"embeddable":true,"href":"https:\/\/hormigaradio.com\/index.php?rest_route=%2Fwp%2Fv2%2Fcomments&post=14839"}],"version-history":[{"count":1,"href":"https:\/\/hormigaradio.com\/index.php?rest_route=\/wp\/v2\/posts\/14839\/revisions"}],"predecessor-version":[{"id":14840,"href":"https:\/\/hormigaradio.com\/index.php?rest_route=\/wp\/v2\/posts\/14839\/revisions\/14840"}],"wp:featuredmedia":[{"embeddable":true,"href":"https:\/\/hormigaradio.com\/index.php?rest_route=\/wp\/v2\/media\/14842"}],"wp:attachment":[{"href":"https:\/\/hormigaradio.com\/index.php?rest_route=%2Fwp%2Fv2%2Fmedia&parent=14839"}],"wp:term":[{"taxonomy":"category","embeddable":true,"href":"https:\/\/hormigaradio.com\/index.php?rest_route=%2Fwp%2Fv2%2Fcategories&post=14839"},{"taxonomy":"post_tag","embeddable":true,"href":"https:\/\/hormigaradio.com\/index.php?rest_route=%2Fwp%2Fv2%2Ftags&post=14839"}],"curies":[{"name":"wp","href":"https:\/\/api.w.org\/{rel}","templated":true}]}}