{"id":14845,"date":"2022-01-02T14:31:09","date_gmt":"2022-01-02T14:31:09","guid":{"rendered":"http:\/\/hormigaradio.com\/?p=14845"},"modified":"2022-01-02T15:46:48","modified_gmt":"2022-01-02T15:46:48","slug":"panico-en-santiago-porque-se-disparo-el-numero-de-contagios-de-covid-19-videos","status":"publish","type":"post","link":"https:\/\/hormigaradio.com\/?p=14845","title":{"rendered":"P\u00c1NICO EN SANTIAGO, PORQUE SE DISPAR\u00d3 EL N\u00daMERO DE CONTAGIOS DE COVID-19 (v\u00eddeos)"},"content":{"rendered":"<p>Despu\u00e9s de lograr un nivel de positividad de un 4.98 %, el 22 de diciembre,\u00a0<strong>Santiago<\/strong>\u00a0abre el a\u00f1o 2022, con un porcentaje de positividad que ha subido a 8.89 %, seg\u00fan se refleja en el bolet\u00edn n\u00famero 654 del\u00a0<strong>Ministerio<\/strong>\u00a0de\u00a0<strong>Salud P\u00fablica<\/strong>, dado a conocer este s\u00e1bado 02 de enero<\/p>\n<p><iframe loading=\"lazy\" src=\"https:\/\/player.vimeo.com\/video\/661511145?h=100d4768f5\" width=\"640\" height=\"800\" frameborder=\"0\" allowfullscreen=\"allowfullscreen\" data-mce-fragment=\"1\"><\/iframe><\/p>\n<p>En el reporte 651, del\u00a0<strong>Ministerio de Salud P\u00fablica<\/strong>, se refleja un reporte de 86 casos de nuevos contagios, pero la cifra se dispar\u00f3 a 251 casos, seg\u00fan el reporte de este viernes, el s\u00e1bado\u00a0 \u00a0 sum\u00f3 125 y 116 casos, n\u00fameros que podr\u00edan ir en aumentos seg\u00fan las proyecciones y la cantidad de personas que presenta s\u00edntomas, que podr\u00edan estar vinculados a la variante\u00a0<strong>\u00d3micron<\/strong>, seg\u00fan han confirmado m\u00e9dicos de hospitales estatales y de administraci\u00f3n privada.<\/p>\n<p>La situaci\u00f3n ha motivado que los centros de vacunaci\u00f3n y los puntos de donde se realizan las\u00a0<strong>pruebas r\u00e1pidas y PCR\u00a0<\/strong>est\u00e9n abarrotados por miles de personas que procuran confirmar si tienen el virus.<\/p>\n<p>Desde hace varios d\u00edas se han hecho largas filas en\u00a0<strong>El Gran Teatro del Cibao<\/strong>, la sede principal del\u00a0<strong>Ministerio de Salud<\/strong>, en la avenida\u00a0<strong>Hermanas Mirabal<\/strong>\u00a0y los espacios de la\u00a0<strong>Defensa Civil<\/strong>, en el edificio\u00a0<strong>Presidente Antonio Guzm\u00e1n Fern\u00e1ndez (Huacalito)<\/strong>.<\/p>\n<p>En primer lugar los centros de vacunaci\u00f3n son visitados por personas afectados por s\u00edntomas relacionados al coronavirus, las cuales procuran una prueba para despejar dudas. Asimismo, se suman las personas a quienes las aerol\u00edneas les exigen un resultado negativo para viajar.<\/p>\n<p>Otros interesados han acudido a los puntos para vacunarse, luego que se anunciara que a partir del 31 de enero del 2022 ser\u00eda obligatorio presentar una tablilla de protecci\u00f3n contra el coronavirus con al menos tres dosis.<\/p>\n<p>Entre unas y otras quejas, por el tiempo que tienen que permanecer los interesados en las filas para hacerse las pruebas, es evidente la preocupaci\u00f3n de la ciudadan\u00eda ante los aumentos de los casos positivos en Santiago.<\/p>\n<p><iframe loading=\"lazy\" src=\"https:\/\/player.vimeo.com\/video\/661513558?h=b3f239c890\" width=\"640\" height=\"800\" frameborder=\"0\" allowfullscreen=\"allowfullscreen\" data-mce-fragment=\"1\"><\/iframe><\/p>\n<p>\u201cEstaremos muy pendientes del comportamiento de estos visitantes, para actuar de manera inmediata ante cualquier s\u00edntoma que se puedan relacionar con la nueva variante \u00d3micron\u201d, anunci\u00f3 el ministro de Salud P\u00fablica y Asistencia Social, Daniel Rivera, el pasado 22 de diciembre.<\/p>\n<p>En ese momento Santiago registraba una positividad de un 4. 98 %, pero al d\u00eda de hoy ronda el 9 por ciento, seg\u00fan las cifras oficiales. Para esa fecha las autoridades del Ministerio de Salud P\u00fablica y Asistencia Social, confirmaron que la provincia ten\u00eda un 70 % de personas vacunadas de primera dosis contra el coronavirus y un 58 % que se ha protegido con la segunda dosis.<\/p>\n<picture class=\"image\"><img loading=\"lazy\" src=\"https:\/\/acentos3.s3.us-east-2.amazonaws.com\/media\/storage02\/uploads\/2021\/12\/fila-para-vacunacion-en-santiago-b-full-728x410.webp\" alt=\"\" width=\"1600\" height=\"1200\" \/><\/picture>\n<h1>Alarma<\/h1>\n<p>El la subdirectora m\u00e9dica del hospital de administraci\u00f3n privada, Uni\u00f3n M\u00e9dica del Norte,\u00a0<strong>Ver\u00f3nica Lockward<\/strong>, confirm\u00f3 que son cientos de pacientes los que se ven a diario en las \u00e1reas de emergencias con s\u00edntomas relacionados al coronavirus. Dijo que la mayor\u00eda de estas personas eran vistas de manera ambulatoria y despechadas, aunque advirti\u00f3 que las \u00e1reas internamientos para pacientes con Covid 19 est\u00e1n llenas.<\/p>\n<p>\u201cEstos \u00faltimos d\u00edas hemos visto un aumento de los casos sintom\u00e1ticos de covid. Suponemos que es \u00d3micron. Vienen v\u00eda emergencia y tambi\u00e9n hemos visto aumento considerable de casos de influenza, tanto tipo A como tipo B. El que no sale positivo al covid, sale positivo a la influenza\u201d, dijo el m\u00e9dico\u00a0<strong>Manas\u00e9s Pe\u00f1a, del Hospital Jos\u00e9 Mar\u00eda Cabral y B\u00e1ez<\/strong>, quien asegura que Santiago, es una de las provincias con m\u00e1s casos de la variante\u00a0<strong>\u00d3micron<\/strong>, seg\u00fan los datos del Ministerio de Salud.<\/p>\n<p>El funcionario del Cabral y B\u00e1ez tambi\u00e9n confirm\u00f3 que empleados del \u00e1rea administrativa y colaboradores de este centro de salud han dado positivo a las pruebas de coronavirus, y que por esa situaci\u00f3n se les ha otorgado la licencia m\u00e9dica correspondiente.<\/p>\n<p>Impactos: 215<\/p>","protected":false},"excerpt":{"rendered":"<p>Despu\u00e9s de lograr un nivel de positividad de un 4.98 %, el 22 de diciembre,\u00a0Santiago\u00a0abre el a\u00f1o 2022, con un porcentaje de positividad que<\/p>\n","protected":false},"author":3,"featured_media":14847,"comment_status":"open","ping_status":"closed","sticky":false,"template":"","format":"standard","meta":[],"categories":[17],"tags":[],"_links":{"self":[{"href":"https:\/\/hormigaradio.com\/index.php?rest_route=\/wp\/v2\/posts\/14845"}],"collection":[{"href":"https:\/\/hormigaradio.com\/index.php?rest_route=\/wp\/v2\/posts"}],"about":[{"href":"https:\/\/hormigaradio.com\/index.php?rest_route=\/wp\/v2\/types\/post"}],"author":[{"embeddable":true,"href":"https:\/\/hormigaradio.com\/index.php?rest_route=\/wp\/v2\/users\/3"}],"replies":[{"embeddable":true,"href":"https:\/\/hormigaradio.com\/index.php?rest_route=%2Fwp%2Fv2%2Fcomments&post=14845"}],"version-history":[{"count":3,"href":"https:\/\/hormigaradio.com\/index.php?rest_route=\/wp\/v2\/posts\/14845\/revisions"}],"predecessor-version":[{"id":14854,"href":"https:\/\/hormigaradio.com\/index.php?rest_route=\/wp\/v2\/posts\/14845\/revisions\/14854"}],"wp:featuredmedia":[{"embeddable":true,"href":"https:\/\/hormigaradio.com\/index.php?rest_route=\/wp\/v2\/media\/14847"}],"wp:attachment":[{"href":"https:\/\/hormigaradio.com\/index.php?rest_route=%2Fwp%2Fv2%2Fmedia&parent=14845"}],"wp:term":[{"taxonomy":"category","embeddable":true,"href":"https:\/\/hormigaradio.com\/index.php?rest_route=%2Fwp%2Fv2%2Fcategories&post=14845"},{"taxonomy":"post_tag","embeddable":true,"href":"https:\/\/hormigaradio.com\/index.php?rest_route=%2Fwp%2Fv2%2Ftags&post=14845"}],"curies":[{"name":"wp","href":"https:\/\/api.w.org\/{rel}","templated":true}]}}