{"id":14848,"date":"2022-01-02T14:59:01","date_gmt":"2022-01-02T14:59:01","guid":{"rendered":"http:\/\/hormigaradio.com\/?p=14848"},"modified":"2022-01-02T15:00:30","modified_gmt":"2022-01-02T15:00:30","slug":"estatua-de-lopez-obrador-recien-desvelada-es-derribada-en-centro-de-mexico","status":"publish","type":"post","link":"https:\/\/hormigaradio.com\/?p=14848","title":{"rendered":"ESTATUA DE L\u00d3PEZ OBRADOR RECI\u00c9N DESVELADA ES DERRIBADA EN CENTRO DE M\u00c9XICO"},"content":{"rendered":"<div class=\"article-body-content\">\n<p>Por\u00a0<a class=\"text-font font-700\" href=\"https:\/\/acento.com.do\/autor\/index.html?user_slug=servicios\">SERVICIOS DE ACENTO.COM.DO<\/a><\/p>\n<p>Una<strong>\u00a0estatua del presidente de M\u00e9xico, <a href=\"https:\/\/es.wikipedia.org\/wiki\/Andr%C3%A9s_Manuel_L%C3%B3pez_Obrador\">Andr\u00e9s Manuel L\u00f3pez Obrador<\/a><\/strong>, reci\u00e9n desvelada en el municipio de\u00a0<strong>Atlacomulco<\/strong>, en el Estado de M\u00e9xico, centro del pa\u00eds, fue derribada la madrugada de este s\u00e1bado.<\/p>\n<p><strong>La estatua fue desvelada, el 29 de diciembre<\/strong>\u00a0pasado, por el alcalde de Atlacomulco, Roberto T\u00e9llez Monroy, del partido Movimiento Regeneraci\u00f3n Nacional (Morena), del presidente, esto antes de finalizar su administraci\u00f3n el 31 de diciembre.<\/p>\n<p>La efigie del presidente mexicano fue colocada en la plaza principal del citado municipio, que destaca por ser un lugar de donde han surgido pol\u00edticos de renombre, pertenecientes al exgobernante Partido Revolucionario Institucional (PRI), entre ellos el expresidente\u00a0<strong>Enrique Pe\u00f1a Nieto<\/strong>\u00a0(2012-2018),<\/p>\n<p>En im\u00e1genes difundidas en redes sociales, la escultura, dise\u00f1ada en cantera rosa y de 1,8 metros de altura, aparece en el piso, frente a la base que la sosten\u00eda pero sin cabeza ni piernas.<\/p>\n<p>Tambi\u00e9n se aprecia que la base, de concreto, se mantiene con la placa en la que estaba grabada &#8220;<strong>Lic. Andr\u00e9s Manuel L\u00f3pez Obrador. Presidente de M\u00e9xico 2018-2024&#8243;<\/strong>.<\/p>\n<p>A inicios de septiembre y ante un debate sobre estatuas,\u00a0<strong>el mandatario mexicano asegur\u00f3 que &#8220;ya no es tiempo de rendir culto a las personalidades&#8221;<\/strong>.<\/p>\n<p>Y precis\u00f3 que &#8220;en mi caso tengo escrito en mi testamento que no quiero que se use mi nombre para nombrar ninguna calle, no quiero estatuas, no quiero que usen mi nombre para nombrar una escuela, un hospital, nada absolutamente&#8221;.<\/p>\n<p>La figura fue elaborada por artesanos del municipio de Tlalpujahua, en el estado de Michoac\u00e1n y, de acuerdo con informaciones, tuvo un costo de 50.000 pesos (unos 2.440 d\u00f3lares), que seg\u00fan el propio alcalde \u00e9l pag\u00f3.<\/p>\n<p><strong>&#8220;Honor a quien honor merece. El hombre honrado es el que mide su derecho por su deber. (Henri Lacordaire)&#8221;, escribi\u00f3 en redes sociales el alcalde<\/strong>\u00a0al tiempo que public\u00f3 fotograf\u00edas de la estatua a media semana<\/p>\n<\/div>\n<div id=\"tags\" class=\"tags flex-container align-center flex-wrap\"><a class=\"single-tag\" href=\"https:\/\/acento.com.do\/tags.html?tag=amlo\">AMLO<\/a><a class=\"single-tag\" href=\"https:\/\/acento.com.do\/tags.html?tag=ciudad-de-mexico\">CIUDAD DE M\u00c9XICO<\/a><a class=\"single-tag\" href=\"https:\/\/acento.com.do\/tags.html?tag=lopez-obrador\">LOPEZ OBRADOR<\/a><a class=\"single-tag\" href=\"https:\/\/acento.com.do\/tags.html?tag=mexico\">M\u00c9XICO<\/a><\/div>\n<p>Impactos: 44<\/p>","protected":false},"excerpt":{"rendered":"<p>Por\u00a0SERVICIOS DE ACENTO.COM.DO Una\u00a0estatua del presidente de M\u00e9xico, Andr\u00e9s Manuel L\u00f3pez Obrador, reci\u00e9n desvelada en el municipio de\u00a0Atlacomulco, en el Estado de M\u00e9xico, centro<\/p>\n","protected":false},"author":3,"featured_media":14849,"comment_status":"open","ping_status":"closed","sticky":false,"template":"","format":"standard","meta":[],"categories":[6],"tags":[],"_links":{"self":[{"href":"https:\/\/hormigaradio.com\/index.php?rest_route=\/wp\/v2\/posts\/14848"}],"collection":[{"href":"https:\/\/hormigaradio.com\/index.php?rest_route=\/wp\/v2\/posts"}],"about":[{"href":"https:\/\/hormigaradio.com\/index.php?rest_route=\/wp\/v2\/types\/post"}],"author":[{"embeddable":true,"href":"https:\/\/hormigaradio.com\/index.php?rest_route=\/wp\/v2\/users\/3"}],"replies":[{"embeddable":true,"href":"https:\/\/hormigaradio.com\/index.php?rest_route=%2Fwp%2Fv2%2Fcomments&post=14848"}],"version-history":[{"count":2,"href":"https:\/\/hormigaradio.com\/index.php?rest_route=\/wp\/v2\/posts\/14848\/revisions"}],"predecessor-version":[{"id":14851,"href":"https:\/\/hormigaradio.com\/index.php?rest_route=\/wp\/v2\/posts\/14848\/revisions\/14851"}],"wp:featuredmedia":[{"embeddable":true,"href":"https:\/\/hormigaradio.com\/index.php?rest_route=\/wp\/v2\/media\/14849"}],"wp:attachment":[{"href":"https:\/\/hormigaradio.com\/index.php?rest_route=%2Fwp%2Fv2%2Fmedia&parent=14848"}],"wp:term":[{"taxonomy":"category","embeddable":true,"href":"https:\/\/hormigaradio.com\/index.php?rest_route=%2Fwp%2Fv2%2Fcategories&post=14848"},{"taxonomy":"post_tag","embeddable":true,"href":"https:\/\/hormigaradio.com\/index.php?rest_route=%2Fwp%2Fv2%2Ftags&post=14848"}],"curies":[{"name":"wp","href":"https:\/\/api.w.org\/{rel}","templated":true}]}}