{"id":15052,"date":"2022-01-13T12:15:49","date_gmt":"2022-01-13T12:15:49","guid":{"rendered":"http:\/\/hormigaradio.com\/?p=15052"},"modified":"2022-01-13T12:43:54","modified_gmt":"2022-01-13T12:43:54","slug":"conflicto-alcaldia-gobierno-por-ampliacion-de-tramo-de-autopista-video","status":"publish","type":"post","link":"https:\/\/hormigaradio.com\/?p=15052","title":{"rendered":"CONFLICTO ALCALD\u00cdA-GOBIERNO POR AMPLIACI\u00d3N DE TRAMO DE AUTOPISTA (v\u00eddeo)"},"content":{"rendered":"<div class=\"article-body-content\">\n<p>Por\u00a0<a class=\"text-font font-700\" href=\"https:\/\/acento.com.do\/autor\/index.html?user_slug=mlaureano\">M\u00c1XIMO LAUREANO<\/a><\/p>\n<p>El proyecto para la ampliaci\u00f3n de un tramo de la Autopista Duarte, a la entrada de Santiago de los Caballeros, ha generado un conflicto entre ejecutivos de la Alcald\u00eda que se quejan de que no ha habido consenso para los trabajos y funcionarios del Gobierno Central que defienden la obra.<\/p>\n<p>Los trabajos pautados para mejorar el tr\u00e1nsito desde la entrada del Aeropuerto Internacional del Cibao hasta la ciudad son parte de las obras anunciadas por el Gobierno en esta provincia en septiembre del 2021, con una inversi\u00f3n global de RD$ 42 millones.<\/p>\n<p>La obra es considerada de gran importancia. No obstante, ha surgido la objeci\u00f3n y las reacciones de las autoridades municipales,\u00a0 encabezadas por el alcalde, Abel Mart\u00ednez, que predican que la obra no ha sido consensuada con el Gobierno local.<\/p>\n<p>Las autoridades municipales tambi\u00e9n objetan la obra porque el proyecto en avance conlleva la modificaci\u00f3n de un momento construido durante la gesti\u00f3n de Mart\u00ednez en el per\u00edodo 2016\/2020.<\/p>\n<p>\u201cEst\u00e1 dentro de la planificaci\u00f3n de los ingenieros y t\u00e9cnicos del proyecto de ampliaci\u00f3n, obviamente ser\u00e1 removido\u201d, afirm\u00f3 el regidor del Partido Revolucionario Moderno (PRM), Pedro G\u00f3mez.<\/p>\n<p>Los ejecutivos municipales se quejan de que los responsables de la obra del Gobierno Central no solo han obviado a las autoridades locales sino que tienen la idea de quitar el monumento ubicado en l\u00edmite de los municipios Santiago y Pu\u00f1al, frente la Fortaleza Fernando Valerio.<\/p>\n<p>En un mensaje en la cuenta de Twitter de la Alcald\u00eda,\u00a0 las autoridades municipales han expresado que no se oponen al desarrollo de la ciudad, a la obra, sino a que se pierda lo invertido en el monumento.<\/p>\n<picture class=\"image\"><img loading=\"lazy\" src=\"https:\/\/acentos3.s3.us-east-2.amazonaws.com\/media\/storage02\/uploads\/2022\/01\/monumento-entrada-santiago-full-728x410.webp\" alt=\" Monumento entrada Santiago.\" width=\"1280\" height=\"853\" \/>Monumento entrada Santiago.<\/picture>\u201cLa alcald\u00eda de Santiago, no hace oposici\u00f3n a planes que propicien el progreso y el desarrollo, que mejoren la vialidad y que hagan m\u00e1s din\u00e1mico el tr\u00e1nsito vehicular; sin embargo, dichos planes deben ser explicados y consensuados con los mun\u00edcipes y sus autoridades\u201d, ha dicho Nancydith Espinal Santos, directora del Departamento de Planeamiento Urbano del Ayuntamiento de Santiago\u201d.<\/p>\n<p>Este mi\u00e9rcoles la Alcald\u00eda de Santiago volvi\u00f3 a expresarse sobre el tema, esta vez en su cuenta de Twitter. Public\u00f3 una fotograf\u00eda del monumento a la entrada de Santiago,\u00a0 con una la lectura que advierte donde empieza el municipio cabecera de Santiago.<\/p>\n<p>\u201cEl municipio de Santiago de los Caballeros comienza aqu\u00ed\u201d, se lee en el mensaje, de la p\u00e1gina de la Alcald\u00eda.<\/p>\n<blockquote class=\"twitter-tweet\" data-width=\"550\" data-dnt=\"true\">\n<p lang=\"es\" dir=\"ltr\">La provincia de Santiago tiene 10 municipios, incluyendo a Santiago de los Caballeros: Navarrete, Villa Gonz\u00e1lez, Tamboril, Licey, San Jos\u00e9 de las Matas, J\u00e1nico, Baitoa, Sabana Iglesia y Pu\u00f1al, estos tambi\u00e9n son municipios que pertenecen a la provincia. <a href=\"https:\/\/twitter.com\/hashtag\/AlcaldiaDeStgo?src=hash&amp;ref_src=twsrc%5Etfw\">#AlcaldiaDeStgo<\/a> <a href=\"https:\/\/t.co\/EKXzULqOd1\">pic.twitter.com\/EKXzULqOd1<\/a><\/p>\n<p>&mdash; Alcald\u00eda de Santiago (@AlcaldiadeStgo) <a href=\"https:\/\/twitter.com\/AlcaldiadeStgo\/status\/1481300495792754694?ref_src=twsrc%5Etfw\">January 12, 2022<\/a><\/p><\/blockquote>\n<p><script async src=\"https:\/\/platform.twitter.com\/widgets.js\" charset=\"utf-8\"><\/script><\/p>\n<p>A ra\u00edz de las reacciones de los ejecutivos del Ayuntamiento, se han sumado varias opiniones de funcionarios del Gobierno y la municipalidad, quienes defienden la obra por entender que representa un desarrollo\u00a0 para la provincia de Santiago.<\/p>\n<div id=\"news-4-13\" class=\"banner-box dfp-async loaded\" data-bannerdesktop=\"true\" data-bannermobile=\"true\" data-google-query-id=\"CIvbsOvZrvUCFe8IswAd8wIANQ\">\n<div id=\"google_ads_iframe_5168668\/News_Middle_02_0__container__\">\u201cUna obra que va a viabilizar el tr\u00e1nsito, ya que para nadie es un secreto que en Santiago, todas las horas son pico por el gran crecimiento que ha tenido el parque vehicular en los \u00faltimos a\u00f1os\u201d,\u00a0 agreg\u00f3 el\u00a0 regidor Pedro G\u00f3mez.<\/div>\n<\/div>\n<p>Seg\u00fan G\u00f3mez, las reacciones de los ejecutivos de la Alcald\u00eda es una muestra de que a las autoridades locales, en este caso al alcalde Mart\u00ednez, &#8220;no le interesa el desarrollo de la ciudad&#8221;.<\/p>\n<p>En otras de las opiniones\u00a0 sobre el proyecto vial, Ulises Rodr\u00edguez,\u00a0 director de Proindustria, ha dicho que no se entiende las reacciones de las autoridades municipales, porque ante de que se construyera el monumento a la entrada de Santiago, y que hoy es centro de conflicto, en el Ayuntamiento se ten\u00eda conocimiento de que hab\u00eda una propuesta de Estado pensada para la ampliaci\u00f3n de este tramo de\u00a0la Autopista Duarte.<\/p>\n<p><iframe loading=\"lazy\" src=\"https:\/\/player.vimeo.com\/video\/665416416?h=80e7d8f902&amp;color=ef0000\" width=\"640\" height=\"853\" frameborder=\"0\" allowfullscreen=\"allowfullscreen\" data-mce-fragment=\"1\"><\/iframe><\/p>\n<\/div>\n<div id=\"tags\" class=\"tags flex-container align-center flex-wrap\"><\/div>\n<p>Impactos: 1239<\/p>","protected":false},"excerpt":{"rendered":"<p>Por\u00a0M\u00c1XIMO LAUREANO El proyecto para la ampliaci\u00f3n de un tramo de la Autopista Duarte, a la entrada de Santiago de los Caballeros, ha generado<\/p>\n","protected":false},"author":3,"featured_media":15055,"comment_status":"open","ping_status":"closed","sticky":false,"template":"","format":"standard","meta":[],"categories":[9],"tags":[],"_links":{"self":[{"href":"https:\/\/hormigaradio.com\/index.php?rest_route=\/wp\/v2\/posts\/15052"}],"collection":[{"href":"https:\/\/hormigaradio.com\/index.php?rest_route=\/wp\/v2\/posts"}],"about":[{"href":"https:\/\/hormigaradio.com\/index.php?rest_route=\/wp\/v2\/types\/post"}],"author":[{"embeddable":true,"href":"https:\/\/hormigaradio.com\/index.php?rest_route=\/wp\/v2\/users\/3"}],"replies":[{"embeddable":true,"href":"https:\/\/hormigaradio.com\/index.php?rest_route=%2Fwp%2Fv2%2Fcomments&post=15052"}],"version-history":[{"count":5,"href":"https:\/\/hormigaradio.com\/index.php?rest_route=\/wp\/v2\/posts\/15052\/revisions"}],"predecessor-version":[{"id":15059,"href":"https:\/\/hormigaradio.com\/index.php?rest_route=\/wp\/v2\/posts\/15052\/revisions\/15059"}],"wp:featuredmedia":[{"embeddable":true,"href":"https:\/\/hormigaradio.com\/index.php?rest_route=\/wp\/v2\/media\/15055"}],"wp:attachment":[{"href":"https:\/\/hormigaradio.com\/index.php?rest_route=%2Fwp%2Fv2%2Fmedia&parent=15052"}],"wp:term":[{"taxonomy":"category","embeddable":true,"href":"https:\/\/hormigaradio.com\/index.php?rest_route=%2Fwp%2Fv2%2Fcategories&post=15052"},{"taxonomy":"post_tag","embeddable":true,"href":"https:\/\/hormigaradio.com\/index.php?rest_route=%2Fwp%2Fv2%2Ftags&post=15052"}],"curies":[{"name":"wp","href":"https:\/\/api.w.org\/{rel}","templated":true}]}}