{"id":15065,"date":"2022-01-13T15:27:24","date_gmt":"2022-01-13T15:27:24","guid":{"rendered":"http:\/\/hormigaradio.com\/?p=15065"},"modified":"2022-01-13T15:29:06","modified_gmt":"2022-01-13T15:29:06","slug":"coraasan-anuncia-sustitucion-red-bella-vista","status":"publish","type":"post","link":"https:\/\/hormigaradio.com\/?p=15065","title":{"rendered":"CORAASAN ANUNCIA SUSTITUCI\u00d3N RED BELLA VISTA"},"content":{"rendered":"<p><img loading=\"lazy\" class=\"alignleft wp-image-15024\" src=\"http:\/\/hormigaradio.com\/wp-content\/uploads\/2022\/01\/WhatsApp-Image-2022-01-11-at-10.21.55-AM-1-e1641909554871-150x79.jpeg\" alt=\"\" width=\"86\" height=\"45\" \/><\/p>\n<p>&nbsp;<\/p>\n<p>El director general de la Corporaci\u00f3n del Acueducto y Alcantarillado de Santiago, anunci\u00f3 que se encuentra en fase final de adjudicaci\u00f3n los trabajos de reubicaci\u00f3n y sustituci\u00f3n del tramo de la zona de Bella Vista de la red de abastecimiento del tanque La Barranquita, con una nueva trayectoria por la ribera del r\u00edo Yaque del Norte.<\/p>\n<figure id=\"attachment_15066\" aria-describedby=\"caption-attachment-15066\" style=\"width: 715px\" class=\"wp-caption alignleft\"><img loading=\"lazy\" class=\"wp-image-15066 size-large\" src=\"http:\/\/hormigaradio.com\/wp-content\/uploads\/2022\/01\/WhatsApp-Image-2022-01-13-at-12.20.03-PM-1024x682.jpeg\" alt=\"\" width=\"715\" height=\"476\" srcset=\"https:\/\/hormigaradio.com\/wp-content\/uploads\/2022\/01\/WhatsApp-Image-2022-01-13-at-12.20.03-PM-1024x682.jpeg 1024w, https:\/\/hormigaradio.com\/wp-content\/uploads\/2022\/01\/WhatsApp-Image-2022-01-13-at-12.20.03-PM-300x200.jpeg 300w, https:\/\/hormigaradio.com\/wp-content\/uploads\/2022\/01\/WhatsApp-Image-2022-01-13-at-12.20.03-PM-768x512.jpeg 768w, https:\/\/hormigaradio.com\/wp-content\/uploads\/2022\/01\/WhatsApp-Image-2022-01-13-at-12.20.03-PM.jpeg 1280w\" sizes=\"(max-width: 715px) 100vw, 715px\" \/><figcaption id=\"caption-attachment-15066\" class=\"wp-caption-text\"><strong>T\u00e9cnicos de Coraasan, analizando el proyecto.<\/strong><\/figcaption><\/figure>\n<p>El ingeniero Andr\u00e9s Burgos indic\u00f3 que en esta etapa se sustituir\u00e1 el tramo m\u00e1s vulnerable de la l\u00ednea, espec\u00edficamente en las calles Fernando Berm\u00fadez, Proyecto C y una parte de la Emilio Prud\u00b4Homme; adem\u00e1s agreg\u00f3 que luego de un a\u00f1o y cuatro meses estas aver\u00edas se hab\u00edan reducido en un 95 %.<\/p>\n<p>Los planteamientos del ejecutivo se producen luego de registrarse una aver\u00eda en la tuber\u00eda de impulsi\u00f3n de 30 pulgadas, ocurrida la noche del mi\u00e9rcoles en la avenida N\u00fa\u00f1ez de C\u00e1ceres del sector Bella Vista.<\/p>\n<p>\u201cEn estos momentos nuestros t\u00e9cnicos llevan a cabo un levantamiento riguroso, para corregir a la brevedad posible los efectos adversos provocados por el incidente\u201d, destac\u00f3 el ingeniero.<\/p>\n<p>El ejecutivo dijo que tan pronto se registr\u00f3 el incidente, miembros de la divisi\u00f3n de Operaci\u00f3n y Mantenimiento de Redes de Agua Potable de la direcci\u00f3n de Acueductos actuaron en consecuencia, minimizando los da\u00f1os por inundaci\u00f3n.<\/p>\n<p>Burgos destac\u00f3 que adem\u00e1s de la parte t\u00e9cnica a ser sometida a revisi\u00f3n, una comisi\u00f3n integrada por Gesti\u00f3n Comunitaria y la direcci\u00f3n de Revisi\u00f3n y An\u00e1lisis, estar\u00e1n dando respuesta oportuna a posibles afectados de dicha aver\u00eda.<\/p>\n<p>El funcionario lament\u00f3 la situaci\u00f3n acontecida en la zona de Bella Vista y que seguir\u00e1n trabajando a favor de los habitantes de Santiago.<\/p>\n<p>Impactos: 62<\/p>","protected":false},"excerpt":{"rendered":"<p>&nbsp; El director general de la Corporaci\u00f3n del Acueducto y Alcantarillado de Santiago, anunci\u00f3 que se encuentra en fase final de adjudicaci\u00f3n los trabajos<\/p>\n","protected":false},"author":3,"featured_media":2682,"comment_status":"open","ping_status":"closed","sticky":false,"template":"","format":"standard","meta":[],"categories":[3],"tags":[],"_links":{"self":[{"href":"https:\/\/hormigaradio.com\/index.php?rest_route=\/wp\/v2\/posts\/15065"}],"collection":[{"href":"https:\/\/hormigaradio.com\/index.php?rest_route=\/wp\/v2\/posts"}],"about":[{"href":"https:\/\/hormigaradio.com\/index.php?rest_route=\/wp\/v2\/types\/post"}],"author":[{"embeddable":true,"href":"https:\/\/hormigaradio.com\/index.php?rest_route=\/wp\/v2\/users\/3"}],"replies":[{"embeddable":true,"href":"https:\/\/hormigaradio.com\/index.php?rest_route=%2Fwp%2Fv2%2Fcomments&post=15065"}],"version-history":[{"count":3,"href":"https:\/\/hormigaradio.com\/index.php?rest_route=\/wp\/v2\/posts\/15065\/revisions"}],"predecessor-version":[{"id":15069,"href":"https:\/\/hormigaradio.com\/index.php?rest_route=\/wp\/v2\/posts\/15065\/revisions\/15069"}],"wp:featuredmedia":[{"embeddable":true,"href":"https:\/\/hormigaradio.com\/index.php?rest_route=\/wp\/v2\/media\/2682"}],"wp:attachment":[{"href":"https:\/\/hormigaradio.com\/index.php?rest_route=%2Fwp%2Fv2%2Fmedia&parent=15065"}],"wp:term":[{"taxonomy":"category","embeddable":true,"href":"https:\/\/hormigaradio.com\/index.php?rest_route=%2Fwp%2Fv2%2Fcategories&post=15065"},{"taxonomy":"post_tag","embeddable":true,"href":"https:\/\/hormigaradio.com\/index.php?rest_route=%2Fwp%2Fv2%2Ftags&post=15065"}],"curies":[{"name":"wp","href":"https:\/\/api.w.org\/{rel}","templated":true}]}}