{"id":15192,"date":"2022-01-20T14:07:44","date_gmt":"2022-01-20T14:07:44","guid":{"rendered":"http:\/\/hormigaradio.com\/?p=15192"},"modified":"2022-01-21T03:00:08","modified_gmt":"2022-01-21T03:00:08","slug":"no-hay-planes-de-vender-punta-catalina-dice-el-presidente-pero-la-oposicion-no-le-cree","status":"publish","type":"post","link":"https:\/\/hormigaradio.com\/?p=15192","title":{"rendered":"&#8220;NO HAY PLANES DE VENDER PUNTA CATALINA&#8221;, DICE EL PRESIDENTE, PERO  LA OPOSICI\u00d3N NO LE CREE"},"content":{"rendered":"<p>Por\u00a0<a class=\"text-font font-700\" href=\"https:\/\/acento.com.do\/autor\/index.html?user_slug=servicios\">SERVICIOS DE ACENTO.COM.DO<\/a><\/p>\n<p>El Presidente\u00a0<strong>Luis Abinader<\/strong>\u00a0defendi\u00f3 la figura de un\u00a0<strong><a href=\"https:\/\/acento.com.do\/el-financiero\/el-gobierno-insiste-en-que-el-fideicomiso-de-punta-catalina-no-es-su-privatizacion-9024647.html\">fideicomiso<\/a><\/strong>p\u00fablico para la gesti\u00f3n de la\u00a0<strong>Termoel\u00e9ctrica\u00a0<a href=\"https:\/\/acento.com.do\/el-financiero\/el-gobierno-insiste-en-que-el-fideicomiso-de-punta-catalina-no-es-su-privatizacion-9024647.html\">Punta Catalina<\/a><\/strong><a href=\"https:\/\/acento.com.do\/el-financiero\/el-gobierno-insiste-en-que-el-fideicomiso-de-punta-catalina-no-es-su-privatizacion-9024647.html\">,<\/a>\u00a0y asegur\u00f3 que la planta no se vender\u00e1 ni hay planes de venderla. &#8220;Todo lo que se diga contrario, es falso. Inventos&#8221;.<\/p>\n<p>&#8220;No inventemos porque ah\u00ed no habr\u00e1 ning\u00fan problema, ni se va a privatizar, y m\u00e1s ahora d\u00e1ndole un ordenamiento legal que dar\u00e1 mucho m\u00e1s garant\u00eda y transparencia&#8221;, indic\u00f3.<\/p>\n<p>El mandatario puso como ejemplo que actualmente, si Punta Catalina tiene que comprar una pieza, debe solicitarlo al Ministerio de Energ\u00eda y Minas. &#8220;&#8230;Lo que sencillamente es darle poder para ser operativo y gerente&#8221;, explic\u00f3 durante una entrevista al programa radial \u201cEl Sol de la Ma\u00f1ana\u201d, que se transmite por Zol 106.5 FM.<\/p>\n<p>Al explicar que ha sido la recomendaci\u00f3n dada para administrar\u00a0<strong>Punta Catalina,<\/strong>\u00a0el mandatario dijo que en los\u00a0<strong>fideicomisos p\u00fablicos<\/strong>la responsabilidad recae en el Gobierno y adem\u00e1s\u00a0est\u00e1n regulados por la Ley 340-06\u00a0de Compras y Contrataciones.<\/p>\n<p>Tambi\u00e9n explic\u00f3 que la idea de que esta figura se utilizara para administrar Punta Catalina tiene &#8220;muchos a\u00f1os&#8221; y ya estaba planificado, adem\u00e1s record\u00f3 que la Ley 189\u00b711 para el Desarrollo del Mercado Hipotecario y Fideicomiso\u00a0se aprob\u00f3 en 2011.<\/p>\n<p>&#8220;Hay un fideicomiso que ha funcionado muy bien, que lo hizo el Gobierno pasado que es RD Vial, y funciona muy bien&#8221;, se\u00f1al\u00f3 el mandatario, a manera de defender la decisi\u00f3n de este Gobierno.<\/p>\n<p>La creaci\u00f3n de un\u00a0<a href=\"https:\/\/acento.com.do\/el-financiero\/fideicomiso-permitira-despolitizar-a-punta-catalina-segun-almonte-9022967.html\">fideicomiso<\/a>\u00a0p\u00fablico para administrar\u00a0<strong>Punta Catalina<\/strong>\u00a0ya fue aprobado por la C\u00e1mara de Diputados y se encuentra en el Senado. El Gobierno ha\u00a0<a href=\"https:\/\/acento.com.do\/actualidad\/completamente-falsa-privatizacion-de-punta-catalina-9023866.html\">insistido<\/a>\u00a0en diversas ocasiones que esta figura no implica su<a href=\"https:\/\/acento.com.do\/el-financiero\/el-gobierno-insiste-en-que-el-fideicomiso-de-punta-catalina-no-es-su-privatizacion-9024647.html\">\u00a0privatizaci\u00f3n<\/a>\u00a0y que es la v\u00eda ideal para su manejo<\/p>\n<p>Impactos: 43<\/p>","protected":false},"excerpt":{"rendered":"<p>Por\u00a0SERVICIOS DE ACENTO.COM.DO El Presidente\u00a0Luis Abinader\u00a0defendi\u00f3 la figura de un\u00a0fideicomisop\u00fablico para la gesti\u00f3n de la\u00a0Termoel\u00e9ctrica\u00a0Punta Catalina,\u00a0y asegur\u00f3 que la planta no se vender\u00e1 ni<\/p>\n","protected":false},"author":3,"featured_media":0,"comment_status":"open","ping_status":"closed","sticky":false,"template":"","format":"standard","meta":[],"categories":[3],"tags":[],"_links":{"self":[{"href":"https:\/\/hormigaradio.com\/index.php?rest_route=\/wp\/v2\/posts\/15192"}],"collection":[{"href":"https:\/\/hormigaradio.com\/index.php?rest_route=\/wp\/v2\/posts"}],"about":[{"href":"https:\/\/hormigaradio.com\/index.php?rest_route=\/wp\/v2\/types\/post"}],"author":[{"embeddable":true,"href":"https:\/\/hormigaradio.com\/index.php?rest_route=\/wp\/v2\/users\/3"}],"replies":[{"embeddable":true,"href":"https:\/\/hormigaradio.com\/index.php?rest_route=%2Fwp%2Fv2%2Fcomments&post=15192"}],"version-history":[{"count":1,"href":"https:\/\/hormigaradio.com\/index.php?rest_route=\/wp\/v2\/posts\/15192\/revisions"}],"predecessor-version":[{"id":15193,"href":"https:\/\/hormigaradio.com\/index.php?rest_route=\/wp\/v2\/posts\/15192\/revisions\/15193"}],"wp:attachment":[{"href":"https:\/\/hormigaradio.com\/index.php?rest_route=%2Fwp%2Fv2%2Fmedia&parent=15192"}],"wp:term":[{"taxonomy":"category","embeddable":true,"href":"https:\/\/hormigaradio.com\/index.php?rest_route=%2Fwp%2Fv2%2Fcategories&post=15192"},{"taxonomy":"post_tag","embeddable":true,"href":"https:\/\/hormigaradio.com\/index.php?rest_route=%2Fwp%2Fv2%2Ftags&post=15192"}],"curies":[{"name":"wp","href":"https:\/\/api.w.org\/{rel}","templated":true}]}}