{"id":15205,"date":"2022-01-23T03:14:03","date_gmt":"2022-01-23T03:14:03","guid":{"rendered":"http:\/\/hormigaradio.com\/?p=15205"},"modified":"2022-01-23T03:24:24","modified_gmt":"2022-01-23T03:24:24","slug":"presidente-luis-abinader-y-otras-personalidades-lamenta-muerte-nunez-collado","status":"publish","type":"post","link":"https:\/\/hormigaradio.com\/?p=15205","title":{"rendered":"PRESIDENTE LUIS ABINADER Y OTRAS PERSONALIDADES, LAMENTA MUERTE N\u00da\u00d1EZ COLLADO"},"content":{"rendered":"<p><img loading=\"lazy\" class=\"alignleft wp-image-15152\" src=\"http:\/\/hormigaradio.com\/wp-content\/uploads\/2022\/01\/FIRMA-para-Hormiga-Radio.jpeg\" alt=\"\" width=\"66\" height=\"35\" \/><\/p>\n<p>&nbsp;<\/p>\n<p>Presidente de la Rep\u00fablica, Luis Abinader y personalidades del \u00e1rea pol\u00edtica, empresarial, educativa y otros sectores, lamentan muerte de monse\u00f1or Agripino N\u00fa\u00f1ez Collado, ex rector de la PUCMM.<\/p>\n<p>&nbsp;<\/p>\n<p><img loading=\"lazy\" class=\"alignleft size-large wp-image-15209\" src=\"http:\/\/hormigaradio.com\/wp-content\/uploads\/2022\/01\/WhatsApp-Image-2022-01-23-at-12.20.20-AM-576x1024.jpeg\" alt=\"\" width=\"576\" height=\"1024\" srcset=\"https:\/\/hormigaradio.com\/wp-content\/uploads\/2022\/01\/WhatsApp-Image-2022-01-23-at-12.20.20-AM-576x1024.jpeg 576w, https:\/\/hormigaradio.com\/wp-content\/uploads\/2022\/01\/WhatsApp-Image-2022-01-23-at-12.20.20-AM-169x300.jpeg 169w, https:\/\/hormigaradio.com\/wp-content\/uploads\/2022\/01\/WhatsApp-Image-2022-01-23-at-12.20.20-AM-768x1366.jpeg 768w, https:\/\/hormigaradio.com\/wp-content\/uploads\/2022\/01\/WhatsApp-Image-2022-01-23-at-12.20.20-AM.jpeg 899w\" sizes=\"(max-width: 576px) 100vw, 576px\" \/><\/p>\n<p><img loading=\"lazy\" class=\"alignleft size-large wp-image-15206\" src=\"http:\/\/hormigaradio.com\/wp-content\/uploads\/2022\/01\/WhatsApp-Image-2022-01-22-at-10.11.54-PM-576x1024.jpeg\" alt=\"\" width=\"576\" height=\"1024\" srcset=\"https:\/\/hormigaradio.com\/wp-content\/uploads\/2022\/01\/WhatsApp-Image-2022-01-22-at-10.11.54-PM-576x1024.jpeg 576w, https:\/\/hormigaradio.com\/wp-content\/uploads\/2022\/01\/WhatsApp-Image-2022-01-22-at-10.11.54-PM-169x300.jpeg 169w, https:\/\/hormigaradio.com\/wp-content\/uploads\/2022\/01\/WhatsApp-Image-2022-01-22-at-10.11.54-PM-768x1366.jpeg 768w, https:\/\/hormigaradio.com\/wp-content\/uploads\/2022\/01\/WhatsApp-Image-2022-01-22-at-10.11.54-PM.jpeg 899w\" sizes=\"(max-width: 576px) 100vw, 576px\" \/><\/p>\n<p>Impactos: 39<\/p>","protected":false},"excerpt":{"rendered":"<p>&nbsp; Presidente de la Rep\u00fablica, Luis Abinader y personalidades del \u00e1rea pol\u00edtica, empresarial, educativa y otros sectores, lamentan muerte de monse\u00f1or Agripino N\u00fa\u00f1ez Collado,<\/p>\n","protected":false},"author":3,"featured_media":15206,"comment_status":"open","ping_status":"closed","sticky":false,"template":"","format":"standard","meta":[],"categories":[3],"tags":[],"_links":{"self":[{"href":"https:\/\/hormigaradio.com\/index.php?rest_route=\/wp\/v2\/posts\/15205"}],"collection":[{"href":"https:\/\/hormigaradio.com\/index.php?rest_route=\/wp\/v2\/posts"}],"about":[{"href":"https:\/\/hormigaradio.com\/index.php?rest_route=\/wp\/v2\/types\/post"}],"author":[{"embeddable":true,"href":"https:\/\/hormigaradio.com\/index.php?rest_route=\/wp\/v2\/users\/3"}],"replies":[{"embeddable":true,"href":"https:\/\/hormigaradio.com\/index.php?rest_route=%2Fwp%2Fv2%2Fcomments&post=15205"}],"version-history":[{"count":3,"href":"https:\/\/hormigaradio.com\/index.php?rest_route=\/wp\/v2\/posts\/15205\/revisions"}],"predecessor-version":[{"id":15210,"href":"https:\/\/hormigaradio.com\/index.php?rest_route=\/wp\/v2\/posts\/15205\/revisions\/15210"}],"wp:featuredmedia":[{"embeddable":true,"href":"https:\/\/hormigaradio.com\/index.php?rest_route=\/wp\/v2\/media\/15206"}],"wp:attachment":[{"href":"https:\/\/hormigaradio.com\/index.php?rest_route=%2Fwp%2Fv2%2Fmedia&parent=15205"}],"wp:term":[{"taxonomy":"category","embeddable":true,"href":"https:\/\/hormigaradio.com\/index.php?rest_route=%2Fwp%2Fv2%2Fcategories&post=15205"},{"taxonomy":"post_tag","embeddable":true,"href":"https:\/\/hormigaradio.com\/index.php?rest_route=%2Fwp%2Fv2%2Ftags&post=15205"}],"curies":[{"name":"wp","href":"https:\/\/api.w.org\/{rel}","templated":true}]}}