{"id":15441,"date":"2022-02-15T10:06:40","date_gmt":"2022-02-15T10:06:40","guid":{"rendered":"http:\/\/hormigaradio.com\/?p=15441"},"modified":"2022-02-15T10:08:46","modified_gmt":"2022-02-15T10:08:46","slug":"mayoria-casos-de-policias-heridos-y-muertos-que-quedan-sin-aclarar","status":"publish","type":"post","link":"https:\/\/hormigaradio.com\/?p=15441","title":{"rendered":"MAYOR\u00cdA CASOS DE POLIC\u00cdAS HERIDOS Y MUERTOS QUE QUEDAN SIN ACLARAR"},"content":{"rendered":"<p>Por\u00a0<a class=\"text-font font-700\" href=\"https:\/\/acento.com.do\/autor\/index.html?user_slug=mlaureano\">M\u00c1XIMO LAUREANO\u00a0\u00a0\u00a0<\/a><\/p>\n<p>La muerte del raso de la Polic\u00eda Nacional, asignado de la Direcci\u00f3n General de Seguridad de Tr\u00e1nsito y Transporte Terrestre (Digesett),\u00a0<strong>Alberto De la Rosa De la Cruz<\/strong>, es el caso\u00a0m\u00e1s reciente, de una lista de agentes que han resultados heridos de gravedad o que han fallecido en distintas acciones y que no han sido aclarados.<\/p>\n<p>Por \u00a0el caso del raso de la Digesett, quien muri\u00f3 el 1 de febrero pasado, tras ser baleado por patrulleros de la instituci\u00f3n, \u00a0<strong>reina el misterio en la Direcci\u00f3n\u00a0 Regional\u00a0 Cibao Central de la Polic\u00eda Nacional.<\/strong>\u00a0No se ha ofrecido detalles ni se ha sabido explicar por qu\u00e9 hay dos agentes de los patrulleros envueltos en el incidente, declarados pr\u00f3fugos.<\/p>\n<p><img loading=\"lazy\" class=\"alignleft size-large wp-image-15444\" src=\"http:\/\/hormigaradio.com\/wp-content\/uploads\/2022\/02\/WhatsApp-Image-2022-02-13-at-1.49.33-PM-1024x1024.jpeg\" alt=\"\" width=\"715\" height=\"715\" srcset=\"https:\/\/hormigaradio.com\/wp-content\/uploads\/2022\/02\/WhatsApp-Image-2022-02-13-at-1.49.33-PM-1024x1024.jpeg 1024w, https:\/\/hormigaradio.com\/wp-content\/uploads\/2022\/02\/WhatsApp-Image-2022-02-13-at-1.49.33-PM-150x150.jpeg 150w, https:\/\/hormigaradio.com\/wp-content\/uploads\/2022\/02\/WhatsApp-Image-2022-02-13-at-1.49.33-PM-300x300.jpeg 300w, https:\/\/hormigaradio.com\/wp-content\/uploads\/2022\/02\/WhatsApp-Image-2022-02-13-at-1.49.33-PM-768x768.jpeg 768w, https:\/\/hormigaradio.com\/wp-content\/uploads\/2022\/02\/WhatsApp-Image-2022-02-13-at-1.49.33-PM-215x215.jpeg 215w, https:\/\/hormigaradio.com\/wp-content\/uploads\/2022\/02\/WhatsApp-Image-2022-02-13-at-1.49.33-PM.jpeg 1280w\" sizes=\"(max-width: 715px) 100vw, 715px\" \/><\/p>\n<p>El fiscal titular de Santiago, Osvaldo Bonilla Hiraldo, dijo que se trat\u00f3 de una acci\u00f3n deliberada y desproporcionada, contraria a toda regla institucional.\u00a0 Basado en esos argumentos se solicit\u00f3 prisi\u00f3n preventiva contra el teniente coronel de la Polic\u00eda, Jos\u00e9 Ernesto de la Rosa P\u00e9rez, y el segundo teniente, Luis Antonio Montilla Lara.<\/p>\n<p>\u201cInterceptaron de manera violenta y sorpresiva a las v\u00edctimas, violentando los protocolos del uso de la fuerza\u201d, han informado los investigadores sobre el caso.<\/p>\n<p>Ni esta boca es m\u00eda, ha informado la Polic\u00eda y el silencio incluye al director mayor general<strong>, Eduardo Alberto Then,<\/strong>\u00a0 quien rehus\u00f3 responder preguntas sobre el tema, mientras encabezaba un acto en la sede de la Gobernaci\u00f3n de Santiago, el 11 de febrero del 2022.<\/p>\n<p>En el hecho tambi\u00e9n est\u00e1 implicado el cabo de la<strong>\u00a0Polic\u00eda, Jonathan Alexander Rodr\u00edguez Parra,<\/strong>\u00a0declarado pr\u00f3fugo por las autoridades en Santiago. Un segundo agente pr\u00f3fugo no ha sido identificado<\/p>\n<h2><strong>Joel Torres Ortiz, herido<\/strong><\/h2>\n<p>Las autoridades policiales en Santiago,\u00a0<strong>a\u00fan no han dado con los sospechosos,<\/strong>\u00a0de haber baleado al\u00a0cabo de la instituci\u00f3n,\u00a0<strong>Joel Torres Ortiz,<\/strong>\u00a0quien est\u00e1 en condiciones cr\u00edticas en un centro m\u00e9dico, tras ser \u00a0herido en la cabeza,\u00a0en una\u00a0protesta escenificada en el municipio Villa Bison\u00f3, Navarrete.\u00a0A pesar de que la Polic\u00eda ha informado que tiene identificado a varios sospechosos, no hay apresamientos.<\/p>\n<div id=\"news-4-13\" class=\"banner-box dfp-async loaded\" data-bannerdesktop=\"true\" data-bannermobile=\"true\" data-google-query-id=\"CKym08i5gfYCFUwNhgod9nIA_Q\">\n<div id=\"google_ads_iframe_5168668\/News_Middle_02_0__container__\"><strong>Jorge Luis Nin Castillo, fallecido<\/strong><\/div>\n<\/div>\n<p>Con un presunto enfrentamiento a tiros entre patrulleros de la Polic\u00eda Nacional, con supuestos delincuentes, las autoridades resolvieron el caso, relacionado a la muerte del cabo\u00a0<strong>Jorge Luis Nin Castillo,<\/strong>\u00a0en un hecho ocurrido la madrugada del jueves 19 de agosto, del 2021 en la comunidad Palmar Abajo, municipio Villa Gonz\u00e1lez. El caso pas\u00f3 al olvido sin que se cuestionara dicho enfrentamiento, ni las circunstancias en que sucedi\u00f3.<\/p>\n<p>Sobre el caso, el general de brigada, M\u00e1ximo B\u00e1ez Aybar, quien estaba a cargo de la Polic\u00eda en Santiago,\u00a0 dijo que no se trat\u00f3 de un atraco, aunque en la versi\u00f3n del informe policial donde se estableci\u00f3 que los atacantes del cabo Nin Castillo, actuaron para llevarse la motocicleta.<\/p>\n<p>Los presuntos delincuentes ca\u00eddos fueron identificados como<strong>\u00a0Jos\u00e9 Manuel S\u00e1nchez Hidalgo (Jordan) y Edward Jos\u00e9 Padilla Veras (El Flaco)<\/strong>, ambos con cuentas pendientes por\u00a0 homicidio, incluida la muerte de un capit\u00e1n de la Polic\u00eda, en\u00a0 Villa Rivas, provincia Duarte, seg\u00fan el informe oficial.<\/p>\n<h2><strong>&#8220;El Mello&#8221;, otro caso de muerte en un intercambio de disparos<\/strong><\/h2>\n<p>A mediado de agosto del 2021, la Polic\u00eda report\u00f3\u00a0la\u00a0muerte de tres hombres que se presume enfrentaron a balazos a una patrulla, en la provincia Dajab\u00f3n.<\/p>\n<p>Uno de los\u00a0 fallecidos\u00a0 fue identificado\u00a0<strong>Estil Diorys Fern\u00e1ndez,<\/strong>\u00a0apodado\u00a0<strong>El Mello<\/strong>, quien \u201cmisteriosamente&#8221; se hab\u00eda fugado de la c\u00e1rcel del Palacio de Justicia de Santiago, donde estaba en prisi\u00f3n preventiva por ser sospechoso de la muerte del primer teniente de la Polic\u00eda Nacional, Jean Carlos Ram\u00edrez Carvajal,\u00a0 fallecido tras ser baleado, el 02 de junio del 2021.<\/p>\n<p>Por \u00a0este hecho ocurrido en el sector El Ejido, Santiago, hay cuatro imputados en prisi\u00f3n. Pero ninguna autoridad ha explicado lo de la fuga de\u00a0<strong>\u201cEl Mello\u201d, de la c\u00e1rcel del Palacio de Justicia, de Santiago.<\/strong><\/p>\n<p>Adem\u00e1s de El Mello, de 26 a\u00f1os, en el presunto enfrentamiento en Dajab\u00f3n resultaron muertos, Roberto Rodr\u00edguez (\u00d1ango), de 43, y C\u00e9sar Augusto Rojas Zapata (Chijan), de 32.<\/p>\n<h2><strong>&#8220;La Soga&#8221;, otro muerto<\/strong><\/h2>\n<p>El 03 de junio del 2020, mataron a tiros al exteniente de la Polic\u00eda,\u00a0<strong>Fernando de los Santos, &#8220;La Soga&#8221;,<\/strong>\u00a0\u00a0contra quien se segu\u00eda un proceso judicial, por la muerte supuestamente por encargo, de dos personas en 2011.<\/p>\n<p>&#8220;La Soga&#8221;, famoso por liderar el llamado \u201cEscuadr\u00f3n de la muerte\u201d, en Santiago, el cual persegu\u00eda y mataba a presuntos delincuentes, fue baleado en el sector de<strong>\u00a0Gurabo,<\/strong>\u00a0donde resid\u00eda.<\/p>\n<p><strong>&#8220;La Soga&#8221;, a quien se le atribu\u00edan decenas cr\u00edmenes o ajustes de cuenta,<\/strong>\u00a0tambi\u00e9n era se\u00f1alado como un agente que manejaba informaciones no favorables para muchos escritorios de la instituci\u00f3n, las cuales se tem\u00eda fueran reveladas en un tribunal. Hasta el momento no se sabe\u00a0 del\u00a0 apresamiento de ning\u00fan \u00a0sospechoso, por la muerte de La Soga.<\/p>\n<h2><strong>Juan Carlos Hern\u00e1ndez Dur\u00e1n, baleado y muerto<\/strong><\/h2>\n<p>El 5 de septiembre del 2020,<strong>\u00a0Juan Carlos Hern\u00e1ndez Dur\u00e1n<\/strong>, sargento mayor, de la Polic\u00eda Nacional, falleci\u00f3 tras varios d\u00edas de internamiento en el Hospital Metropolitano de Santiago (HOMS).<\/p>\n<p>Hern\u00e1ndez Dur\u00e1n fue baleado cuando junto a otros patrulleros, enfrentaron\u00a0\u00a0 a varios hombres que se atrincheraron en un apartamento, en la urbanizaci\u00f3n Embrujo II. En esta acci\u00f3n result\u00f3 muerto uno de los presuntos delincuentes que enfrent\u00f3 a los \u00a0patrulleros. Otros dos agentes en la acci\u00f3n resultaron con\u00a0 heridas, seg\u00fan los reportes\u00a0 oficiales.<\/p>\n<h2><strong>Abel De Jes\u00fas, baleado en un villar<\/strong><\/h2>\n<p>El 07 de octubre del 2020, \u00a0result\u00f3 muerto tras ser\u00a0 baleado en un centro de entretenimiento -villar-, el\u00a0 raso de la Polic\u00eda Nacional,\u00a0<strong>Abel De Jes\u00fas<\/strong>, en el distrito municipal Cienfuegos.<\/p>\n<p>Tras el caso, el entonces director de la Polic\u00eda en Santiago, \u00a0general de brigada, Eduardo Alberto Then, dijo que el agente no estaba en sus labores en el momento del que le dispararon y prometi\u00f3 que el caso se aclarar\u00eda. Pero a la fecha no se ha sabido de\u00a0 apresamientos de sospechosos de estes caso.<\/p>\n<h2><strong>Jos\u00e9 Adonis Adames, fue baleado cerca de la\u00a0c\u00e1rcel donde trabajaba\u00a0<\/strong><\/h2>\n<p>Un agente penitenciario asignado a la\u00a0<strong>c\u00e1rcel de Rafey<\/strong>\u00a0muri\u00f3 tras ser baleado minutos despu\u00e9s de\u00a0 salir del recinto, ubicado en el sector de este mismo nombre, el 16 de enero de 2019.<\/p>\n<p>El agente muerto fue identificado como\u00a0<strong>Jos\u00e9 Adonis Adames,<\/strong>\u00a0quien fue impactado por los disparos montado en su veh\u00edculo, en una estaci\u00f3n distribuidora de combustibles, en el sector El Ingenio.<\/p>\n<p>Los hombres que atacaron al agente penitenciario,se desplazaban en un carro en marcha. No se han dado muchos detalles oficiales y se est\u00e1 a la espera de esclarecimiento.<\/p>\n<h2><strong>Rafael Antonio Reyes Jim\u00e9nez, &#8220;Azulito&#8221;\u00a0<\/strong><\/h2>\n<p>El 10 de diciembre del 2014, la Polic\u00eda report\u00f3 la muerte del exsargento,\u00a0<strong>Rafael Antonio Reyes Jim\u00e9nez &#8220;Azulito&#8221;<\/strong>, acusado y procesado por homicidio, en 2008 y con otras cuentas pendientes, que habr\u00edan sido la raz\u00f3n de su salida de la instituci\u00f3n, en 2012.<\/p>\n<p>La Polic\u00eda estableci\u00f3 en sus notas, que \u201cAzulito\u201d, muri\u00f3 en un\u00a0 intercambio disparos con integrantes de una patrulla de la instituci\u00f3n. Sin embargo, no qued\u00f3 claro, qui\u00e9n mat\u00f3\u00a0 al exagente policial, ni las razones que motivaron este desenlace. Todav\u00eda prevalecen versiones extraoficiales de que &#8220;Azulito&#8221; fue cazado por antiguos compa\u00f1eros suyos. Azulito era un antiguo integrante del llamado \u201cEscuadr\u00f3n de la muerte\u201d, que sembr\u00f3 el terror en Santiago.<\/p>\n<p><em>\u201cHecho ocurrido alrededor de las 6:30 de la tarde, en la calle 3- sector Raparto Peralta, momentos en que llegaron varias patrullas y rodearon el edificio donde se encontraba el ex agente junto a otras dos personas no identificadas. Seg\u00fan versiones de moradores del alrededor se inici\u00f3 un intercambio de disparos, donde result\u00f3 el agente muerto \u201c,\u00a0<\/em>es la versi\u00f3n oficial sobre la muerte del ex sargento mayor, publicada tras el hecho.<\/p>\n<h2><strong>Pablo Mart\u00ednez, una muerte no aclarada desde 2014<\/strong><\/h2>\n<p>A\u00fan no se ha aclarado\u00a0 la muerte del sargento mayor de la Polic\u00eda Nacional,\u00a0<strong>Pablo Mart\u00ednez,<\/strong>\u00a0hecho ocurrido el 13\u00a0octubre del 2014 en los Jardines Metropolitanos de Santiago.<\/p>\n<p>Al momento del incidente, el sargento prestaba servicio como seguridad en la casa de la profesora Elsa Brito, madre de Francisco Dom\u00ednguez Brito, en \u00a0se momento procurador general de la Rep\u00fablica. En el momento, \u00a0se report\u00f3 \u00a0que habr\u00eda sido baleado, cuando trat\u00f3 de impedir \u00a0un atraco a una persona en los alrededores de la casa a la cual estaba asignado.<\/p>\n<h2><strong>Malvin Miguel Her\u00edguez De la Cruz<\/strong><\/h2>\n<p>En noviembre del 2011 se report\u00f3 como desaparecido el raso Malvin Miguel\u00a0 Her\u00edguez De la Cruz. Tras varias semanas, fue hallado muerto con un disparo de armas de fuego en la \u00a0frente,\u00a0 en una comunidad del distrito municipal San Francisco de Jacagua.<\/p>\n<h2><strong>Agust\u00edn Rivera Sosa<\/strong><\/h2>\n<p>En agosto del 2009, \u00a0se report\u00f3 la muerte \u00a0del sargento de la Polic\u00eda Nacional, en un presunto enfrentamiento a tiros entre una patrulla y varios hombres que supuestamente eran perseguidos tras un atraco.<\/p>\n<p>El sargento fallecido fue identificado como\u00a0<strong>Agust\u00edn Rivera Sosa<\/strong>, de 30 a\u00f1os. En la acci\u00f3n tambi\u00e9n falleci\u00f3 un joven identificado como K<strong>eyli Lizardo Paulino<\/strong>, de 22 a\u00f1os.<\/p>\n<p>La versi\u00f3n contada por la Polic\u00eda sobre c\u00f3mo ocurrieron los hechos fue puesta en duda, debido a que el cuerpo del sargento fue hallado en el interior de un veh\u00edculo, en la Autopista Duarte, tramo municipio Pu\u00f1al. Se habr\u00eda iniciado una investigaci\u00f3n, pero sin resultados.<\/p>\n<p>Otros tres agentes han resultado muertos en manifestaciones de protestas.<\/p>\n<p><strong>Expedito Nicanor Ferm\u00edn B\u00e1ez,<\/strong>\u00a0baleado el 20 de octubre del 2010, en Navarrete; En noviembre del 2008 muri\u00f3 el raso\u00a0<strong>Rafael Antonio Medina,<\/strong>\u00a0tambi\u00e9n en Navarrete.\u00a0En 2001, tambi\u00e9n falleci\u00f3, un agente identificado como el cabo Burgos, tras ser baleado en la carretera Licey-Moca<\/p>\n<p>Impactos: 76<\/p>","protected":false},"excerpt":{"rendered":"<p>Por\u00a0M\u00c1XIMO LAUREANO\u00a0\u00a0\u00a0 La muerte del raso de la Polic\u00eda Nacional, asignado de la Direcci\u00f3n General de Seguridad de Tr\u00e1nsito y Transporte Terrestre (Digesett),\u00a0Alberto De<\/p>\n","protected":false},"author":3,"featured_media":15405,"comment_status":"open","ping_status":"closed","sticky":false,"template":"","format":"standard","meta":[],"categories":[9],"tags":[],"_links":{"self":[{"href":"https:\/\/hormigaradio.com\/index.php?rest_route=\/wp\/v2\/posts\/15441"}],"collection":[{"href":"https:\/\/hormigaradio.com\/index.php?rest_route=\/wp\/v2\/posts"}],"about":[{"href":"https:\/\/hormigaradio.com\/index.php?rest_route=\/wp\/v2\/types\/post"}],"author":[{"embeddable":true,"href":"https:\/\/hormigaradio.com\/index.php?rest_route=\/wp\/v2\/users\/3"}],"replies":[{"embeddable":true,"href":"https:\/\/hormigaradio.com\/index.php?rest_route=%2Fwp%2Fv2%2Fcomments&post=15441"}],"version-history":[{"count":3,"href":"https:\/\/hormigaradio.com\/index.php?rest_route=\/wp\/v2\/posts\/15441\/revisions"}],"predecessor-version":[{"id":15445,"href":"https:\/\/hormigaradio.com\/index.php?rest_route=\/wp\/v2\/posts\/15441\/revisions\/15445"}],"wp:featuredmedia":[{"embeddable":true,"href":"https:\/\/hormigaradio.com\/index.php?rest_route=\/wp\/v2\/media\/15405"}],"wp:attachment":[{"href":"https:\/\/hormigaradio.com\/index.php?rest_route=%2Fwp%2Fv2%2Fmedia&parent=15441"}],"wp:term":[{"taxonomy":"category","embeddable":true,"href":"https:\/\/hormigaradio.com\/index.php?rest_route=%2Fwp%2Fv2%2Fcategories&post=15441"},{"taxonomy":"post_tag","embeddable":true,"href":"https:\/\/hormigaradio.com\/index.php?rest_route=%2Fwp%2Fv2%2Ftags&post=15441"}],"curies":[{"name":"wp","href":"https:\/\/api.w.org\/{rel}","templated":true}]}}