{"id":15661,"date":"2022-02-28T17:02:41","date_gmt":"2022-02-28T17:02:41","guid":{"rendered":"http:\/\/hormigaradio.com\/?p=15661"},"modified":"2022-02-28T17:21:47","modified_gmt":"2022-02-28T17:21:47","slug":"gobierno-luis-abinader-olvida-la-gente-de-a-pie-asegura-dirigente-pld-glenn-davis","status":"publish","type":"post","link":"https:\/\/hormigaradio.com\/?p=15661","title":{"rendered":"GOBIERNO LUIS ABINADER OLVIDA LA GENTE DE A PIE; ASEGURA DIRIGENTE PLD GLENN  DAVIS (video)"},"content":{"rendered":"<p><img loading=\"lazy\" class=\"alignleft wp-image-15152\" src=\"http:\/\/hormigaradio.com\/wp-content\/uploads\/2022\/01\/FIRMA-para-Hormiga-Radio.jpeg\" alt=\"\" width=\"66\" height=\"35\" \/><\/p>\n<p>&nbsp;<\/p>\n<p>El miembro del Comit\u00e9 Central del Partido de la Liberaci\u00f3n Dominicana (PLD), Glenn Davis, dijo este lunes que el discurso de rendici\u00f3n de cuentas ofrecido este domingo por el presidente Luis Abinader, no cumpli\u00f3 las expectativas del ciudadano de a pie, porque estuvo dirigido a una \u00e9lite empresarial.<\/p>\n<p>Manifest\u00f3, que una vez m\u00e1s, el presidente pone en evidencia la falta de gerencia que existe en su Gobierno para atender los principales problemas de la gente, como el de la inflaci\u00f3n que tanto golpea a los m\u00e1s necesitados actualmente.<\/p>\n<p><iframe loading=\"lazy\"  id=\"_ytid_42991\" width=\"715\" height=\"402\"  data-origwidth=\"715\" data-origheight=\"402\"  src=\"https:\/\/www.youtube.com\/embed\/OfXtnw3IKjM?enablejsapi=1&#038;autoplay=0&#038;cc_load_policy=0&#038;iv_load_policy=1&#038;loop=0&#038;modestbranding=0&#038;rel=1&#038;fs=1&#038;playsinline=0&#038;autohide=2&#038;theme=dark&#038;color=red&#038;controls=1&#038;\" class=\"__youtube_prefs__\" title=\"YouTube player\"  allow=\"autoplay; encrypted-media\" allowfullscreen data-no-lazy=\"1\" data-skipgform_ajax_framebjll=\"\"><\/iframe><\/p>\n<p>\u201cNosotros entendemos que los precios internacionales est\u00e1n incidiendo de manera significativa en el pa\u00eds, pero aqu\u00ed hay que tomar medidas internas. \u00bfQu\u00e9 ha faltado? Ha faltado gerencia para implementar medidas paliativas que vayan a contrarrestar esa inflaci\u00f3n\u201d, se\u00f1al\u00f3 Glenn Davis.<\/p>\n<p>El tambi\u00e9n subsecretario de comunicaci\u00f3n del PLD, sostuvo que la ayuda a los productores del campo se ha perdido, ya que, a su juicio, este Gobierno se ha enfocado en atender los intereses de tres o cuatro empresarios amigos del presidente.<\/p>\n<p>Cuestion\u00f3 la ausencia del Plan Social de la Presidencia y los Comedores Econ\u00f3micos ante la situaci\u00f3n que viven las amas de casas y padres de familias cuando van al colmado y el dinero no les alcanza para comprar lo indispensable para el hogar.<\/p>\n<p>Impactos: 37<\/p>","protected":false},"excerpt":{"rendered":"<p>&nbsp; El miembro del Comit\u00e9 Central del Partido de la Liberaci\u00f3n Dominicana (PLD), Glenn Davis, dijo este lunes que el discurso de rendici\u00f3n de<\/p>\n","protected":false},"author":3,"featured_media":15663,"comment_status":"open","ping_status":"closed","sticky":false,"template":"","format":"standard","meta":[],"categories":[6],"tags":[],"_links":{"self":[{"href":"https:\/\/hormigaradio.com\/index.php?rest_route=\/wp\/v2\/posts\/15661"}],"collection":[{"href":"https:\/\/hormigaradio.com\/index.php?rest_route=\/wp\/v2\/posts"}],"about":[{"href":"https:\/\/hormigaradio.com\/index.php?rest_route=\/wp\/v2\/types\/post"}],"author":[{"embeddable":true,"href":"https:\/\/hormigaradio.com\/index.php?rest_route=\/wp\/v2\/users\/3"}],"replies":[{"embeddable":true,"href":"https:\/\/hormigaradio.com\/index.php?rest_route=%2Fwp%2Fv2%2Fcomments&post=15661"}],"version-history":[{"count":4,"href":"https:\/\/hormigaradio.com\/index.php?rest_route=\/wp\/v2\/posts\/15661\/revisions"}],"predecessor-version":[{"id":15666,"href":"https:\/\/hormigaradio.com\/index.php?rest_route=\/wp\/v2\/posts\/15661\/revisions\/15666"}],"wp:featuredmedia":[{"embeddable":true,"href":"https:\/\/hormigaradio.com\/index.php?rest_route=\/wp\/v2\/media\/15663"}],"wp:attachment":[{"href":"https:\/\/hormigaradio.com\/index.php?rest_route=%2Fwp%2Fv2%2Fmedia&parent=15661"}],"wp:term":[{"taxonomy":"category","embeddable":true,"href":"https:\/\/hormigaradio.com\/index.php?rest_route=%2Fwp%2Fv2%2Fcategories&post=15661"},{"taxonomy":"post_tag","embeddable":true,"href":"https:\/\/hormigaradio.com\/index.php?rest_route=%2Fwp%2Fv2%2Ftags&post=15661"}],"curies":[{"name":"wp","href":"https:\/\/api.w.org\/{rel}","templated":true}]}}