{"id":15667,"date":"2022-02-28T17:30:03","date_gmt":"2022-02-28T17:30:03","guid":{"rendered":"http:\/\/hormigaradio.com\/?p=15667"},"modified":"2022-02-28T18:07:26","modified_gmt":"2022-02-28T18:07:26","slug":"mas-de-lo-mismo-desafortunado-busca-despertar-confianza-esperanzador-cumplio","status":"publish","type":"post","link":"https:\/\/hormigaradio.com\/?p=15667","title":{"rendered":"\u201cM\u00c1S DE LO MISMO\u201d, \u201cDESAFORTUNADO\u201d, \u201cBUSCA DESPERTAR CONFIANZA\u201d, \u201cESPERANZADOR\u201d, \u201cCUMPLI\u00d3\u201d"},"content":{"rendered":"<p>Por\u00a0<a class=\"text-font font-700\" href=\"https:\/\/acento.com.do\/autor\/index.html?user_slug=mlaureano\">M\u00c1XIMO LAUREANO\u00a0<\/a><\/p>\n<p>Representantes de sectores de la sociedad de Santiago mostraron posiciones divergentes sobre el discurso de rendici\u00f3n de cuentas del presidente Luis Abinader, pronunciado de este domingo 27 de febrero, en el a\u00f1o 178 de la Independencia Nacional.<\/p>\n<p>Para algunos de los sectores consultados, el discurso\u00a0 fue pieza para llevar confianza a la poblaci\u00f3n y aminorar las cr\u00edticas que hace la oposici\u00f3n pol\u00edtica, \u00a0ante situaciones sensibles como los precios de los combustibles.<\/p>\n<p>Otros considera que el discurso\u00a0 fue bien estructurado solo para\u00a0 resaltar logros, sin enfocar temas puntuales, que son dejados de lado. Asimismo, como esperanzador se\u00f1alaron algunos el discurso, y otros por el contrario lo que tildaron de desafortunado.<\/p>\n<p><strong>Abel Mart\u00ednez, alcalde\u00a0 Santiago.<\/strong><\/p>\n<p><img loading=\"lazy\" class=\"alignleft size-full wp-image-12036\" src=\"http:\/\/hormigaradio.com\/wp-content\/uploads\/2021\/01\/ABEL-MARTINEZ.jpg\" alt=\"\" width=\"546\" height=\"350\" srcset=\"https:\/\/hormigaradio.com\/wp-content\/uploads\/2021\/01\/ABEL-MARTINEZ.jpg 546w, https:\/\/hormigaradio.com\/wp-content\/uploads\/2021\/01\/ABEL-MARTINEZ-300x192.jpg 300w, https:\/\/hormigaradio.com\/wp-content\/uploads\/2021\/01\/ABEL-MARTINEZ-115x73.jpg 115w\" sizes=\"(max-width: 546px) 100vw, 546px\" \/><\/p>\n<p>\u201cHoy, en su discurso, el presidente guard\u00f3 silencio respecto del dram\u00e1tico incremento de la canasta b\u00e1sica que asedia el bolsillo de\u00a0 ciudadanos y hace imposible sobrevivir con sus salarios; ni explic\u00f3 para qu\u00e9 ha servido la marat\u00f3nica carrera de pr\u00e9stamos. Desafortunado\u201d,\u00a0\u00a0 expres\u00f3 el alcalde de Santiago,\u00a0 Abel Atahualpa\u00a0 Mart\u00ednez\u00a0 Dur\u00e1n, en su cuenta de Twitter.<\/p>\n<p>Mart\u00ednez\u00a0 Dur\u00e1n, \u00a0quien aspira a la candidatura presidencial del Partido de la Liberaci\u00f3n Dominicana (PLD), tambi\u00e9n censur\u00f3\u00a0 lo dicho por el mandatario en relaci\u00f3n \u00a0a la seguridad alimentaria.<\/p>\n<p>\u201cFaltar a la verdad es: hablar de seguridad alimentaria cuando m\u00e1s de 45 rubros agropecuarios decrecieron; los productores de arroz, leche, cerdos y cebolla van a la deriva y 4 de cada 10 hogares han reducido la porci\u00f3n de comida diaria a causa de la inflaci\u00f3n. Insoportable\u201d, dijo \u00a0Mart\u00ednez.<\/p>\n<p><strong>Reynaldo Peguero (CDES).<\/strong><\/p>\n<p>\u201cEs un discurso muy bien estructurado y que cumpli\u00f3 con los mandatos constitucionales; que llev\u00f3 informaci\u00f3n actualizada a todos los sectores y que punte\u00f3 o visualiz\u00f3 todas las acciones y proyectos que estamos impulsando juntos. Adem\u00e1s que expone acciones de impacto inmediato para responder a la inflaci\u00f3n en especial para los m\u00e1s pobres\u201d,\u00a0 afirma Reynaldo Peguero, director ejecutivo del Consejo para el Desarrollo Estrat\u00e9gico \u00a0de Santiago (CDES).<\/p>\n<p><strong>Esteban Rosario<\/strong><\/p>\n<p>El periodista Esteban Rosario\u00a0 cree que el presidente Luis Abinader busc\u00f3 despertar confianza en la poblaci\u00f3n, frente a las cr\u00edticas de los partidos de oposici\u00f3n.<\/p>\n<p>\u201cMuy optimista frente a los grandes desaf\u00edos nacionales e internacionales como la inflaci\u00f3n y la incertidumbre internacional\u201d, afirm\u00f3 Rosario,\u00a0 quien agreg\u00f3 que el mandatario trat\u00f3 de lograr la tranquilidad al anunicar el sometimiento de la propuesta para la modificaci\u00f3n de \u00a0la Ley de Hidrocarburos al Congreso Nacional.<\/p>\n<p>\u201cEs muy importante que haya llamado a los legisladores a aprobar la ley de Extinci\u00f3n de Dominio para quitar los recursos a los corruptos\u201d,\u00a0 dijo,<\/p>\n<p><img loading=\"lazy\" class=\"alignleft size-full wp-image-15672\" src=\"http:\/\/hormigaradio.com\/wp-content\/uploads\/2022\/02\/ESTEBAN-ROSARIO.jpg\" alt=\"\" width=\"500\" height=\"334\" srcset=\"https:\/\/hormigaradio.com\/wp-content\/uploads\/2022\/02\/ESTEBAN-ROSARIO.jpg 500w, https:\/\/hormigaradio.com\/wp-content\/uploads\/2022\/02\/ESTEBAN-ROSARIO-300x200.jpg 300w\" sizes=\"(max-width: 500px) 100vw, 500px\" \/><\/p>\n<div id=\"news-4-25\" class=\"banner-box dfp-async loaded\" data-bannerdesktop=\"true\" data-bannermobile=\"true\" data-google-query-id=\"CKjTjvP1ovYCFXVEwQodFacLzw\">\n<div id=\"google_ads_iframe_5168668\/News_Middle_02_1__container__\"><strong>Pedro \u00a0G\u00f3mez, regidor PRM.<\/strong><\/div>\n<\/div>\n<p>El regidor del Partido\u00a0 Revolucionario Moderno (PRM), Pedro \u00a0G\u00f3mez,\u00a0 se refiere a la Rendici\u00f3n de Cuentas, como un discurso esperanzador para todos los dominicanos.<\/p>\n<p>\u201cConsciente \u00a0nosotros de la gran\u00a0 crisis que vive el mundo, entendemos que vamos avanzando y el presidente tiene las mejores intenciones de disminuir considerablemente esa gran desigualdad social que durante tantos a\u00f1os nos ha afectado, con un discurso basado en la honestidad, transparencia y el desarrollo de nuestro pa\u00eds\u201d, asegur\u00f3 Pedro G\u00f3mez.<\/p>\n<p><strong>Raquel Rivera, activista social.<\/strong><\/p>\n<p><img loading=\"lazy\" class=\"alignleft size-full wp-image-15675\" src=\"http:\/\/hormigaradio.com\/wp-content\/uploads\/2022\/02\/raquel-do\u00f1a.jpg\" alt=\"\" width=\"728\" height=\"720\" srcset=\"https:\/\/hormigaradio.com\/wp-content\/uploads\/2022\/02\/raquel-do\u00f1a.jpg 728w, https:\/\/hormigaradio.com\/wp-content\/uploads\/2022\/02\/raquel-do\u00f1a-300x297.jpg 300w\" sizes=\"(max-width: 728px) 100vw, 728px\" \/><\/p>\n<p>La activista social Raquel Rivera considera que las intenciones reeleccionistas fueron el centro del discurso del gobernante.<\/p>\n<p>\u201cUn discurso bien estructurado y presentado por un gran actor, enfoc\u00e1ndose, s\u00f3lo en los logros que seg\u00fan \u00e9l han tenido su gobierno y el pa\u00eds. Al igual que los gobiernos anteriores, habla de los logros del presente y de proyecci\u00f3n al futuro, dejando claro su aspiraci\u00f3n reeleccionista\u201d, afirm\u00f3\u00a0 Raquel Rivera.<\/p>\n<p>Agreg\u00f3 que independientemente de la realidad de la pandemia y como las autoridades actuales encontraron el pa\u00eds en t\u00e9rminos de corrupci\u00f3n, el presidente Luis Abinader\u00a0 mantiene sus \u00a0quejas y quiere aparecer en la escena como el mago que ha hecho maravillas y pareciera que en el pa\u00eds,\u00a0 todo anda muy bien.<\/p>\n<p>\u201cTema inflacionario, inseguridad ciudadana, deterioro del sistema de salud, tanto sector p\u00fablico, como privado, \u00a0violaci\u00f3n de los derechos elementales y faltas de controles en su gesti\u00f3n\u201d, advierte\u00a0 Raquel Rivera, quien\u00a0 consider\u00f3 que el discurso fue m\u00e1s de lo mismo, cada rendici\u00f3n de cuentas cada a\u00f1o es copiar y pegar, \u00a0ajustar medidas.<\/p>\n<p><strong>H\u00e1mlet Ot\u00e1\u00f1ez \u00a0Tejada, dirigente Fuerza del\u00a0 Pueblo.<\/strong><\/p>\n<p><img loading=\"lazy\" class=\"alignleft size-large wp-image-15674\" src=\"http:\/\/hormigaradio.com\/wp-content\/uploads\/2022\/02\/HO-1024x640.jpg\" alt=\"\" width=\"715\" height=\"447\" srcset=\"https:\/\/hormigaradio.com\/wp-content\/uploads\/2022\/02\/HO-1024x640.jpg 1024w, https:\/\/hormigaradio.com\/wp-content\/uploads\/2022\/02\/HO-300x188.jpg 300w, https:\/\/hormigaradio.com\/wp-content\/uploads\/2022\/02\/HO-768x480.jpg 768w, https:\/\/hormigaradio.com\/wp-content\/uploads\/2022\/02\/HO-115x73.jpg 115w, https:\/\/hormigaradio.com\/wp-content\/uploads\/2022\/02\/HO.jpg 2048w\" sizes=\"(max-width: 715px) 100vw, 715px\" \/><\/p>\n<p>\u201cEl presidente Abinader hizo muy pocas referencias a realizaciones concretas, sobre Santiago dijo algunas que llaman la atenci\u00f3n\u201d,\u00a0\u00a0 manifest\u00f3 sobre el discurso, el dirigente del partido Fuerza del Pueblo, en Santiago,\u00a0 H\u00e1mlet Ot\u00e1\u00f1ez \u00a0Tejada.<\/p>\n<p>En su cuenta de Twitter\u00a0 el dirigente pol\u00edtico se\u00f1ala que el presidente no habl\u00f3 de su proyecto vial, la Autopista del \u00c1mbar.<\/p>\n<p>\u201cTerminaci\u00f3n de la carretera Gregorio Luper\u00f3n, la carretera Tur\u00edstica, de Santiago\u00a0 Puerto Plata. Su intervenci\u00f3n no pas\u00f3 de la pintura y algunas se\u00f1alizaciones\u201d, advirti\u00f3\u00a0 Ot\u00e1\u00f1ez Tejada<\/p>\n<p>Impactos: 49<\/p>","protected":false},"excerpt":{"rendered":"<p>Por\u00a0M\u00c1XIMO LAUREANO\u00a0 Representantes de sectores de la sociedad de Santiago mostraron posiciones divergentes sobre el discurso de rendici\u00f3n de cuentas del presidente Luis Abinader,<\/p>\n","protected":false},"author":3,"featured_media":15668,"comment_status":"open","ping_status":"closed","sticky":false,"template":"","format":"standard","meta":[],"categories":[3],"tags":[],"_links":{"self":[{"href":"https:\/\/hormigaradio.com\/index.php?rest_route=\/wp\/v2\/posts\/15667"}],"collection":[{"href":"https:\/\/hormigaradio.com\/index.php?rest_route=\/wp\/v2\/posts"}],"about":[{"href":"https:\/\/hormigaradio.com\/index.php?rest_route=\/wp\/v2\/types\/post"}],"author":[{"embeddable":true,"href":"https:\/\/hormigaradio.com\/index.php?rest_route=\/wp\/v2\/users\/3"}],"replies":[{"embeddable":true,"href":"https:\/\/hormigaradio.com\/index.php?rest_route=%2Fwp%2Fv2%2Fcomments&post=15667"}],"version-history":[{"count":5,"href":"https:\/\/hormigaradio.com\/index.php?rest_route=\/wp\/v2\/posts\/15667\/revisions"}],"predecessor-version":[{"id":15676,"href":"https:\/\/hormigaradio.com\/index.php?rest_route=\/wp\/v2\/posts\/15667\/revisions\/15676"}],"wp:featuredmedia":[{"embeddable":true,"href":"https:\/\/hormigaradio.com\/index.php?rest_route=\/wp\/v2\/media\/15668"}],"wp:attachment":[{"href":"https:\/\/hormigaradio.com\/index.php?rest_route=%2Fwp%2Fv2%2Fmedia&parent=15667"}],"wp:term":[{"taxonomy":"category","embeddable":true,"href":"https:\/\/hormigaradio.com\/index.php?rest_route=%2Fwp%2Fv2%2Fcategories&post=15667"},{"taxonomy":"post_tag","embeddable":true,"href":"https:\/\/hormigaradio.com\/index.php?rest_route=%2Fwp%2Fv2%2Ftags&post=15667"}],"curies":[{"name":"wp","href":"https:\/\/api.w.org\/{rel}","templated":true}]}}