{"id":15697,"date":"2022-03-04T00:56:55","date_gmt":"2022-03-04T00:56:55","guid":{"rendered":"http:\/\/hormigaradio.com\/?p=15697"},"modified":"2022-03-04T01:03:21","modified_gmt":"2022-03-04T01:03:21","slug":"lula-da-silva-confirma-que-buscara-la-presidencia-de-brasil-en-octubre","status":"publish","type":"post","link":"https:\/\/hormigaradio.com\/?p=15697","title":{"rendered":"LULA DA SILVA CONFIRMA QUE  BUSCAR\u00c1 LA PRESIDENCIA DE BRASIL EN OCTUBRE"},"content":{"rendered":"<p>Por\u00a0<a class=\"text-font font-700\" href=\"https:\/\/acento.com.do\/autor\/index.html?user_slug=efe\">EFE\u00a0<\/a><\/p>\n<p>El expresidente de Brasil <a href=\"https:\/\/es.wikipedia.org\/wiki\/Luiz_In%C3%A1cio_Lula_da_Silva\">Luiz In\u00e1cio Lula Da Silva<\/a> (2003-2011) confirm\u00f3 este mi\u00e9rcoles durante una visita a M\u00e9xico que volver\u00e1 a competir por la Presidencia de su pa\u00eds, en octubre pr\u00f3ximo.<\/p>\n<p>&#8220;Pensamos disputar las nuevas elecciones en Brasil&#8221;, afirm\u00f3 el exmandatario brasile\u00f1o durante su participaci\u00f3n en la segunda Asamblea de Legisladores del partido Movimiento Regeneraci\u00f3n Nacional (Morena), del presidente Andr\u00e9s Manuel L\u00f3pez Obrador, realizada en Ciudad de M\u00e9xico.<\/p>\n<p>El l\u00edder del Partido de los Trabajadores (PT) despej\u00f3 as\u00ed la inc\u00f3gnita sobre su candidatura para convertirse por tercera ocasi\u00f3n en presidente del pa\u00eds latinoamericano.<\/p>\n<p>El s\u00edmbolo de la izquierda latinoamericana afirm\u00f3 ante legisladores de los partidos Morena, del Trabajo (PT) y Verde Ecologista de M\u00e9xico (PVEM), que mantiene la energ\u00eda de cuando comenz\u00f3 en la vida pol\u00edtica y consider\u00f3 que Am\u00e9rica Latina necesita una nueva gobernanza tal como, seg\u00fan \u00e9l, ha sucedido en M\u00e9xico.<\/p>\n<p>&#8220;Puedo decirles que hoy vine a M\u00e9xico para aprender con ustedes, (para aprender) c\u00f3mo es posible que con mucha disposici\u00f3n y tenacidad cambie la historia de un pa\u00eds&#8221;, indic\u00f3.<\/p>\n<p>Y precis\u00f3 que lo que el partido gobernante en M\u00e9xico, Morena, est\u00e1 haciendo en tan poco tiempo de Gobierno es &#8220;de una grandeza extraordinaria que tal vez lleve cierto tiempo para que todos entiendan que est\u00e1 sucediendo una revoluci\u00f3n pol\u00edtica&#8221;, apunt\u00f3.<\/p>\n<p>Da Silva exalt\u00f3 las similitudes que tiene el Gobierno del presidente L\u00f3pez Obrador con los ideales de su partido, como la atenci\u00f3n a las causas pobres y el trabajo para el pueblo.<\/p>\n<div id=\"news-4-13\" class=\"banner-box dfp-async loaded\" data-bannerdesktop=\"true\" data-bannermobile=\"true\" data-google-query-id=\"CKbfhfKeq_YCFQ8UswAdeB0MbA\">\n<div id=\"google_ads_iframe_5168668\/News_Middle_02_0__container__\"><\/div>\n<\/div>\n<p>Asegur\u00f3 que de ganar las elecciones en octubre pr\u00f3ximo &#8220;no vamos a abdicar patrimonio que fue adquirido por el pueblo&#8221;.<\/p>\n<p>Indic\u00f3 que su partido puede tener plena seguridad de que es un partido hermano del mexicano Morena.<\/p>\n<p>Da Silva destac\u00f3 que tras la reuni\u00f3n de esta ma\u00f1ana con el presidente mexicano asumi\u00f3 el compromiso de venir a M\u00e9xico &#8220;para consolidar la m\u00e1s grande relaci\u00f3n pol\u00edtica que se dar\u00e1 en 2023&#8221;.<\/p>\n<p>Y afirm\u00f3 que al igual que L\u00f3pez Obrador busca que respete a su pueblo, &#8220;a nuestra soberan\u00eda, a nuestra cultura y respeto para que podamos decidir qu\u00e9 podemos hacer&#8221;.<\/p>\n<p>Exalt\u00f3 que busca culminar el proyecto que inici\u00f3 hace casi 20 a\u00f1os al frente de su pa\u00eds.<\/p>\n<p>&#8220;En 13 a\u00f1os hicimos lo que la elite brasile\u00f1a no logr\u00f3 hacer en un siglo de inclusi\u00f3n social&#8221;, puntualiz\u00f3.<\/p>\n<p>La visita a M\u00e9xico se produce mientras Brasil, la democracia m\u00e1s grande de Latinoam\u00e9rica, se prepara para celebrar en octubre las elecciones presidenciales, en las que se espera que Lula y el actual presidente, el ultraderechista Jair Bolsonaro, sean los principales contendientes.<\/p>\n<p>La intenci\u00f3n de voto de Da Silva se fortaleci\u00f3 desde que recuper\u00f3 sus derechos pol\u00edticos en marzo del 2020, luego de que un juez del Supremo Tribunal Federal brasile\u00f1o anulara todas sus condenas y posibilitara su participaci\u00f3n en la carrera por el poder.<\/p>\n<h1>LLAMA A PARAR LA GUERRA EN EUROPA<\/h1>\n<p>Da Silva aprovech\u00f3 el momento para hacer un llamado al cese del conflicto b\u00e9lico entre Rusia y Ucrania.<\/p>\n<p>&#8220;Basta de guerra, queremos paz, queremos trabajo, queremos libertad, queremos respeto para que podamos conseguir un mejor mundo&#8221;, afirm\u00f3 Da Silva.<\/p>\n<p>El pol\u00edtico brasile\u00f1o se pronunci\u00f3 en contra de la invasi\u00f3n de Rusia a Ucrania y asegur\u00f3 que todos los problemas pueden ser solucionados, pues hay muchas guerras que se dan sin entender que no &#8220;hay necesidad de hacerlas&#8221;.<\/p>\n<p>Record\u00f3 que en la guerra de Estados Unidos contra Irak en 2002, el presidente estadounidense George Bush le consult\u00f3 su opini\u00f3n al respecto.<\/p>\n<p>&#8220;Yo le dije al presidente Bush que no, no ten\u00eda nada contra Irak y la guerra que yo quer\u00eda hacer era una guerra contra el hambre. Yo no iba a participar de una guerra contra Irak&#8221;, apunt\u00f3.<\/p>\n<p>Afirm\u00f3 que en este momento el mundo necesita empleo, que la gente sea tratada con respeto y que 900 millones de seres humanos puedan comer.\u00a0 &#8220;No necesitan guerra&#8221;, zanj\u00f3<\/p>\n<p>Impactos: 30<\/p>","protected":false},"excerpt":{"rendered":"<p>Por\u00a0EFE\u00a0 El expresidente de Brasil Luiz In\u00e1cio Lula Da Silva (2003-2011) confirm\u00f3 este mi\u00e9rcoles durante una visita a M\u00e9xico que volver\u00e1 a competir por<\/p>\n","protected":false},"author":3,"featured_media":15699,"comment_status":"open","ping_status":"closed","sticky":false,"template":"","format":"standard","meta":[],"categories":[6],"tags":[],"_links":{"self":[{"href":"https:\/\/hormigaradio.com\/index.php?rest_route=\/wp\/v2\/posts\/15697"}],"collection":[{"href":"https:\/\/hormigaradio.com\/index.php?rest_route=\/wp\/v2\/posts"}],"about":[{"href":"https:\/\/hormigaradio.com\/index.php?rest_route=\/wp\/v2\/types\/post"}],"author":[{"embeddable":true,"href":"https:\/\/hormigaradio.com\/index.php?rest_route=\/wp\/v2\/users\/3"}],"replies":[{"embeddable":true,"href":"https:\/\/hormigaradio.com\/index.php?rest_route=%2Fwp%2Fv2%2Fcomments&post=15697"}],"version-history":[{"count":1,"href":"https:\/\/hormigaradio.com\/index.php?rest_route=\/wp\/v2\/posts\/15697\/revisions"}],"predecessor-version":[{"id":15698,"href":"https:\/\/hormigaradio.com\/index.php?rest_route=\/wp\/v2\/posts\/15697\/revisions\/15698"}],"wp:featuredmedia":[{"embeddable":true,"href":"https:\/\/hormigaradio.com\/index.php?rest_route=\/wp\/v2\/media\/15699"}],"wp:attachment":[{"href":"https:\/\/hormigaradio.com\/index.php?rest_route=%2Fwp%2Fv2%2Fmedia&parent=15697"}],"wp:term":[{"taxonomy":"category","embeddable":true,"href":"https:\/\/hormigaradio.com\/index.php?rest_route=%2Fwp%2Fv2%2Fcategories&post=15697"},{"taxonomy":"post_tag","embeddable":true,"href":"https:\/\/hormigaradio.com\/index.php?rest_route=%2Fwp%2Fv2%2Ftags&post=15697"}],"curies":[{"name":"wp","href":"https:\/\/api.w.org\/{rel}","templated":true}]}}