{"id":15704,"date":"2022-03-04T04:44:23","date_gmt":"2022-03-04T04:44:23","guid":{"rendered":"http:\/\/hormigaradio.com\/?p=15704"},"modified":"2022-03-04T10:11:55","modified_gmt":"2022-03-04T10:11:55","slug":"regidor-de-santiago-baleado-en-intento-de-atraco-en-colombia-video","status":"publish","type":"post","link":"https:\/\/hormigaradio.com\/?p=15704","title":{"rendered":"REGIDOR DE SANTIAGO BALEADO EN INTENTO DE ATRACO EN COLOMBIA (v\u00eddeo)"},"content":{"rendered":"<p>Por\u00a0<a class=\"text-font font-700\" href=\"https:\/\/acento.com.do\/autor\/index.html?user_slug=mlaureano\">M\u00c1XIMO LAUREANO<\/a><\/p>\n<p>Un regidor del Partido de la Liberaci\u00f3n Dominicana (PLD) por Santiago result\u00f3 herido de bala en el rostro en un intento de atraco (robo) en el departamento de Antioqu\u00eda, al nordeste de Colombia, seg\u00fan reportaron medios de esa demarcaci\u00f3n del pa\u00eds andino.<\/p>\n<p>Se trata de Brailyn Miguel Vargas N\u00fa\u00f1ez, conocido tambi\u00e9n como \u201cBray\u201d, quien adem\u00e1s es modelo, presentador y animador de programas de radio\u00a0 televisi\u00f3n.<\/p>\n<p>\u201cA las 3:30 pm intento de robo de una camioneta en El Municipio de El Retiro | \u201cUna camioneta ven\u00eda del aeropuerto, lo siguieron 2 sujetos en una motocicleta e intentaron robarles. Los ladrones con pistola hirieron al conductor y este les tir\u00f3 la camioneta encima a los ladrones\u201d, report\u00f3 el medio local\u00a0<a href=\"https:\/\/www.instagram.com\/explore\/tags\/guardianesantioquia\/\" data-saferedirecturl=\"https:\/\/www.google.com\/url?q=https:\/\/www.instagram.com\/explore\/tags\/guardianesantioquia\/&amp;source=gmail&amp;ust=1646453299843000&amp;usg=AOvVaw1gKkK1MxOgatSW45eMN-OA\">#GuardianesAntioquia.<\/a><\/p>\n<div style=\"width: 480px;\" class=\"wp-video\"><!--[if lt IE 9]><script>document.createElement('video');<\/script><![endif]-->\n<video class=\"wp-video-shortcode\" id=\"video-15704-1\" width=\"480\" height=\"848\" preload=\"metadata\" controls=\"controls\"><source type=\"video\/mp4\" src=\"http:\/\/hormigaradio.com\/wp-content\/uploads\/2022\/03\/WhatsApp-Video-2022-03-04-at-12.13.05-AM.mp4?_=1\" \/><a href=\"http:\/\/hormigaradio.com\/wp-content\/uploads\/2022\/03\/WhatsApp-Video-2022-03-04-at-12.13.05-AM.mp4\">http:\/\/hormigaradio.com\/wp-content\/uploads\/2022\/03\/WhatsApp-Video-2022-03-04-at-12.13.05-AM.mp4<\/a><\/video><\/div>\n<p><strong><em>V\u00eddeo de un medio local en Antioqu\u00eda, Medell\u00edn\/Colombia, en el pavimento los presuntos ladrones, el veh\u00edculo en cual\u00a0 viajaba el regidor est\u00e1 al fondo.<\/em><\/strong><\/p>\n<p>\u201cLe pedimos a Dios pronto recuperaci\u00f3n para nuestro colega Brailyn Vargas\u201d, escribi\u00f3 un regidor del Partido Revolucionario Moderno (PRM), compa\u00f1ero de labores institucionales de Vargas cuyo\u00a0estado de salud es estable, seg\u00fan los reportes difundidos por sus compa\u00f1eros de viajes.<\/p>\n<p>Vargas estaba en Colombia en\u00a0 un viaje de turismo, seg\u00fan ha trascendido. A\u00fan no se tiene una versi\u00f3n oficial de la Alcald\u00eda de Santiago sobre la situaci\u00f3n.<\/p>\n<p>Versi\u00f3n\u00a0https:\/\/acento.com.do\/<\/p>\n<h1 class=\"font-700\"><a href=\"https:\/\/acento.com.do\/actualidad\/regidor-de-santiago-baleado-en-intento-de-atraco-en-colombia-9039189.html\">Regidor de Santiago baleado en intento de atraco en Colombia<\/a><\/h1>\n<p>Impactos: 178<\/p>","protected":false},"excerpt":{"rendered":"<p>Por\u00a0M\u00c1XIMO LAUREANO Un regidor del Partido de la Liberaci\u00f3n Dominicana (PLD) por Santiago result\u00f3 herido de bala en el rostro en un intento de<\/p>\n","protected":false},"author":3,"featured_media":15705,"comment_status":"open","ping_status":"closed","sticky":false,"template":"","format":"standard","meta":[],"categories":[3],"tags":[],"_links":{"self":[{"href":"https:\/\/hormigaradio.com\/index.php?rest_route=\/wp\/v2\/posts\/15704"}],"collection":[{"href":"https:\/\/hormigaradio.com\/index.php?rest_route=\/wp\/v2\/posts"}],"about":[{"href":"https:\/\/hormigaradio.com\/index.php?rest_route=\/wp\/v2\/types\/post"}],"author":[{"embeddable":true,"href":"https:\/\/hormigaradio.com\/index.php?rest_route=\/wp\/v2\/users\/3"}],"replies":[{"embeddable":true,"href":"https:\/\/hormigaradio.com\/index.php?rest_route=%2Fwp%2Fv2%2Fcomments&post=15704"}],"version-history":[{"count":4,"href":"https:\/\/hormigaradio.com\/index.php?rest_route=\/wp\/v2\/posts\/15704\/revisions"}],"predecessor-version":[{"id":15711,"href":"https:\/\/hormigaradio.com\/index.php?rest_route=\/wp\/v2\/posts\/15704\/revisions\/15711"}],"wp:featuredmedia":[{"embeddable":true,"href":"https:\/\/hormigaradio.com\/index.php?rest_route=\/wp\/v2\/media\/15705"}],"wp:attachment":[{"href":"https:\/\/hormigaradio.com\/index.php?rest_route=%2Fwp%2Fv2%2Fmedia&parent=15704"}],"wp:term":[{"taxonomy":"category","embeddable":true,"href":"https:\/\/hormigaradio.com\/index.php?rest_route=%2Fwp%2Fv2%2Fcategories&post=15704"},{"taxonomy":"post_tag","embeddable":true,"href":"https:\/\/hormigaradio.com\/index.php?rest_route=%2Fwp%2Fv2%2Ftags&post=15704"}],"curies":[{"name":"wp","href":"https:\/\/api.w.org\/{rel}","templated":true}]}}