{"id":15749,"date":"2022-03-09T10:10:32","date_gmt":"2022-03-09T10:10:32","guid":{"rendered":"http:\/\/hormigaradio.com\/?p=15749"},"modified":"2022-03-09T10:10:32","modified_gmt":"2022-03-09T10:10:32","slug":"dejan-en-libertad-a-alexis-villalona-el-abusador-de-bani","status":"publish","type":"post","link":"https:\/\/hormigaradio.com\/?p=15749","title":{"rendered":"DEJAN EN LIBERTAD A ALEXIS VILLALONA, EL ABUSADOR DE BAN\u00cd"},"content":{"rendered":"<p>Por\u00a0<a class=\"text-font font-700\" href=\"https:\/\/acento.com.do\/autor\/index.html?user_slug=servicios\">SERVICIOS DE ACENTO.COM.DO<\/a><\/p>\n<p>El Juzgado Instrucci\u00f3n de la provincia\u00a0<strong>Peravia<\/strong>\u00a0orden\u00f3 la\u00a0<strong>libertad<\/strong>\u00a0de\u00a0<a href=\"https:\/\/acento.com.do\/actualidad\/agresor-de-santa-arias-alexis-villalona-es-enviado-a-prision-preventiva-9028045.html\"><strong>Alexis Villalona<\/strong><\/a>, quien cumpl\u00eda\u00a0<strong>prisi\u00f3n preventiva<\/strong>\u00a0acusado de agredir a la se\u00f1ora\u00a0<strong>Santa Arias<\/strong>, luego de un accidente de tr\u00e1nsito.<\/p>\n<p>\u201cMe dieron mi libertad gracias a Dios. Le estamos muy agradecidos. Excelentemente agradecidos de las autoridades y del licenciado\u00a0<strong>Jorge de los Santos<\/strong>. Se hizo justicia. Gracias por todo\u201d, se oye decir a\u00a0<strong>Villalona<\/strong>\u00a0en un video divulgado en las redes sociales.<\/p>\n<p><iframe loading=\"lazy\" src=\"https:\/\/player.vimeo.com\/video\/685992739?h=219cb820dd&amp;color=ef0000\" width=\"640\" height=\"800\" frameborder=\"0\" allowfullscreen=\"allowfullscreen\" data-mce-fragment=\"1\"><\/iframe><\/p>\n<p>Seg\u00fan explic\u00f3 su abogado,\u00a0<strong>Jorge de los Santos<\/strong>, el tribunal orden\u00f3 variar los tres meses de prisi\u00f3n preventiva a libertad condicional, con presentaci\u00f3n peri\u00f3dica, el pago de 40 mil pesos y una orden de alejamiento a favor de la v\u00edctima.<\/p>\n<p>A pesar de que Santa Arias hab\u00eda desestimado la demanda en contra de\u00a0<strong>Villalona<\/strong>, el pasado 28 de enero la Oficina\u00a0<strong>Judicial de Servicios de Atenci\u00f3n Permanente de Peravia<\/strong>\u00a0dict\u00f3 tres meses de prisi\u00f3n preventiva en su contra.<\/p>\n<p>En ese momento, el fiscal\u00a0<strong>\u00c1ngel Dar\u00edo Fabal<\/strong>, representante del\u00a0<strong>Ministerio P\u00fablico<\/strong>, indic\u00f3 que, pese al desistimiento de la v\u00edctima, el proceso seguir\u00eda.<\/p>\n<p>Luego del incidente,\u00a0<strong>Villalona<\/strong>\u00a0permaneci\u00f3 varios d\u00edas pr\u00f3fugo, y fue apresado el pasado 14 de enero en una labor conjunta con la Polic\u00eda Nacional, mientras intentaba esconderse en la vivienda de una sobrina, en la comunidad El Fundo, de\u00a0<strong>Ban\u00ed<\/strong>.<\/p>\n<div id=\"news-4-13\" class=\"banner-box dfp-async loaded\" data-bannerdesktop=\"true\" data-bannermobile=\"true\" data-google-query-id=\"CPPigqnkuPYCFQb-hwodKPsF9Q\">\n<div id=\"google_ads_iframe_5168668\/News_Middle_02_0__container__\">La tipificaci\u00f3n de los delitos cometidos por el encartado incluye los art\u00edculos 309 y 309-1 del C\u00f3digo Penal Dominicano<\/div>\n<\/div>\n<p>Impactos: 34<\/p>","protected":false},"excerpt":{"rendered":"<p>Por\u00a0SERVICIOS DE ACENTO.COM.DO El Juzgado Instrucci\u00f3n de la provincia\u00a0Peravia\u00a0orden\u00f3 la\u00a0libertad\u00a0de\u00a0Alexis Villalona, quien cumpl\u00eda\u00a0prisi\u00f3n preventiva\u00a0acusado de agredir a la se\u00f1ora\u00a0Santa Arias, luego de un accidente<\/p>\n","protected":false},"author":3,"featured_media":14891,"comment_status":"open","ping_status":"closed","sticky":false,"template":"","format":"standard","meta":[],"categories":[3],"tags":[],"_links":{"self":[{"href":"https:\/\/hormigaradio.com\/index.php?rest_route=\/wp\/v2\/posts\/15749"}],"collection":[{"href":"https:\/\/hormigaradio.com\/index.php?rest_route=\/wp\/v2\/posts"}],"about":[{"href":"https:\/\/hormigaradio.com\/index.php?rest_route=\/wp\/v2\/types\/post"}],"author":[{"embeddable":true,"href":"https:\/\/hormigaradio.com\/index.php?rest_route=\/wp\/v2\/users\/3"}],"replies":[{"embeddable":true,"href":"https:\/\/hormigaradio.com\/index.php?rest_route=%2Fwp%2Fv2%2Fcomments&post=15749"}],"version-history":[{"count":1,"href":"https:\/\/hormigaradio.com\/index.php?rest_route=\/wp\/v2\/posts\/15749\/revisions"}],"predecessor-version":[{"id":15750,"href":"https:\/\/hormigaradio.com\/index.php?rest_route=\/wp\/v2\/posts\/15749\/revisions\/15750"}],"wp:featuredmedia":[{"embeddable":true,"href":"https:\/\/hormigaradio.com\/index.php?rest_route=\/wp\/v2\/media\/14891"}],"wp:attachment":[{"href":"https:\/\/hormigaradio.com\/index.php?rest_route=%2Fwp%2Fv2%2Fmedia&parent=15749"}],"wp:term":[{"taxonomy":"category","embeddable":true,"href":"https:\/\/hormigaradio.com\/index.php?rest_route=%2Fwp%2Fv2%2Fcategories&post=15749"},{"taxonomy":"post_tag","embeddable":true,"href":"https:\/\/hormigaradio.com\/index.php?rest_route=%2Fwp%2Fv2%2Ftags&post=15749"}],"curies":[{"name":"wp","href":"https:\/\/api.w.org\/{rel}","templated":true}]}}