{"id":15755,"date":"2022-03-09T13:05:29","date_gmt":"2022-03-09T13:05:29","guid":{"rendered":"http:\/\/hormigaradio.com\/?p=15755"},"modified":"2022-03-09T13:20:33","modified_gmt":"2022-03-09T13:20:33","slug":"el-pais-de-mierda-que-ven-los-migrantes","status":"publish","type":"post","link":"https:\/\/hormigaradio.com\/?p=15755","title":{"rendered":"EL &#8220;PA\u00cdS DE MIERDA&#8221; QUE  VEN LOS MIGRANTES DOMINICANOS"},"content":{"rendered":"<p>Por\u00a0<a class=\"text-font font-700\" href=\"https:\/\/acento.com.do\/autor\/index.html?user_slug=evaldez\">EVELIN VALDEZ\u00a0<\/a><\/p>\n<p>Cada \u00a0vez que escucho a un dominicano dominicana, que por una raz\u00f3n u otra ha estado o reside fuera de Rep\u00fablica Dominicana, decir \u201ceste es un pa\u00eds de mierda\u201d, como decimos \u00a0a la criolla, \u201clos pelos se me engrifan y me sale el barrio\u201d.<\/p>\n<figure id=\"attachment_3859\" aria-describedby=\"caption-attachment-3859\" style=\"width: 150px\" class=\"wp-caption alignleft\"><img loading=\"lazy\" class=\"wp-image-3859 size-thumbnail\" src=\"http:\/\/hormigaradio.com\/wp-content\/uploads\/2018\/10\/Evelin-Valdez-para-los-art\u00edculo-150x150.jpg\" alt=\"\" width=\"150\" height=\"150\" srcset=\"https:\/\/hormigaradio.com\/wp-content\/uploads\/2018\/10\/Evelin-Valdez-para-los-art\u00edculo-150x150.jpg 150w, https:\/\/hormigaradio.com\/wp-content\/uploads\/2018\/10\/Evelin-Valdez-para-los-art\u00edculo-300x300.jpg 300w, https:\/\/hormigaradio.com\/wp-content\/uploads\/2018\/10\/Evelin-Valdez-para-los-art\u00edculo-215x215.jpg 215w, https:\/\/hormigaradio.com\/wp-content\/uploads\/2018\/10\/Evelin-Valdez-para-los-art\u00edculo.jpg 720w\" sizes=\"(max-width: 150px) 100vw, 150px\" \/><figcaption id=\"caption-attachment-3859\" class=\"wp-caption-text\"><em><strong>Evelin Valdez.<\/strong><\/em><\/figcaption><\/figure>\n<p>Pues \u00a0\u201cmi pa\u00eds de mierda\u201d es el mejor, no solo por ser un pa\u00eds caribe\u00f1o, atractivos para el turismo, sino, porque somos los mejores anfitriones.<\/p>\n<p>Y la pregunta es la siguiente, para esos patriotas que se expresan as\u00ed de su tierra, \u00bfpor qu\u00e9 si el pa\u00eds es tan malo, pasan 11 meses y 15 d\u00edas del a\u00f1o trabajando de sol a luna en otros pa\u00edses, para venir a vacacionar a su \u201cpa\u00eds de mierda\u201d, a gastar lo que ganaron como migrantes explotados?.<\/p>\n<p>Vienen para levantarse despu\u00e9s de las 11:00 de la ma\u00f1ana y dormir despu\u00e9s de las 4:00 de la madrugada, pas\u00e1ndola bien, entre merengue y bachata.<\/p>\n<p>Se gozan con lucir un pantal\u00f3n corto y unas chancletas, andar por el barrio saludando a su gente, gente buena, \u00a0gente que te recibe con los brazos abiertos, esa gente que vive\u00a0 en ese \u201cpa\u00eds de mierda\u201d.<\/p>\n<p>No me hables mal de este pa\u00eds, este es el mejor con todo y que las estad\u00edsticas negativas, en muchos temas sociales, como salud, educaci\u00f3n, seguridad y otros est\u00e1n a la vista.<\/p>\n<p>Es aqu\u00ed donde el vecino te da una hoja de la mata de naranja que est\u00e1\u00a0 en el patio, para que la caliente con \u201cvapor\u00fa\u201d y te quite el dolor de cabeza, te hace una sopa y hasta te acompa\u00f1a a la sala de un hospital, si lo requiere.<\/p>\n<p>Mi \u00a0pa\u00eds es el mejor, sin puerta que cerrar y con gente con quien hablar.<\/p>\n<p>Impactos: 105<\/p>","protected":false},"excerpt":{"rendered":"<p>Por\u00a0EVELIN VALDEZ\u00a0 Cada \u00a0vez que escucho a un dominicano dominicana, que por una raz\u00f3n u otra ha estado o reside fuera de Rep\u00fablica Dominicana,<\/p>\n","protected":false},"author":3,"featured_media":15757,"comment_status":"open","ping_status":"closed","sticky":false,"template":"","format":"standard","meta":[],"categories":[7],"tags":[],"_links":{"self":[{"href":"https:\/\/hormigaradio.com\/index.php?rest_route=\/wp\/v2\/posts\/15755"}],"collection":[{"href":"https:\/\/hormigaradio.com\/index.php?rest_route=\/wp\/v2\/posts"}],"about":[{"href":"https:\/\/hormigaradio.com\/index.php?rest_route=\/wp\/v2\/types\/post"}],"author":[{"embeddable":true,"href":"https:\/\/hormigaradio.com\/index.php?rest_route=\/wp\/v2\/users\/3"}],"replies":[{"embeddable":true,"href":"https:\/\/hormigaradio.com\/index.php?rest_route=%2Fwp%2Fv2%2Fcomments&post=15755"}],"version-history":[{"count":3,"href":"https:\/\/hormigaradio.com\/index.php?rest_route=\/wp\/v2\/posts\/15755\/revisions"}],"predecessor-version":[{"id":15759,"href":"https:\/\/hormigaradio.com\/index.php?rest_route=\/wp\/v2\/posts\/15755\/revisions\/15759"}],"wp:featuredmedia":[{"embeddable":true,"href":"https:\/\/hormigaradio.com\/index.php?rest_route=\/wp\/v2\/media\/15757"}],"wp:attachment":[{"href":"https:\/\/hormigaradio.com\/index.php?rest_route=%2Fwp%2Fv2%2Fmedia&parent=15755"}],"wp:term":[{"taxonomy":"category","embeddable":true,"href":"https:\/\/hormigaradio.com\/index.php?rest_route=%2Fwp%2Fv2%2Fcategories&post=15755"},{"taxonomy":"post_tag","embeddable":true,"href":"https:\/\/hormigaradio.com\/index.php?rest_route=%2Fwp%2Fv2%2Ftags&post=15755"}],"curies":[{"name":"wp","href":"https:\/\/api.w.org\/{rel}","templated":true}]}}