{"id":15763,"date":"2022-03-10T12:58:05","date_gmt":"2022-03-10T12:58:05","guid":{"rendered":"http:\/\/hormigaradio.com\/?p=15763"},"modified":"2022-03-10T13:57:01","modified_gmt":"2022-03-10T13:57:01","slug":"autoridades-confirman-cinco-reclusos-resultaron-heridos-en-pleito-carcel-rafey","status":"publish","type":"post","link":"https:\/\/hormigaradio.com\/?p=15763","title":{"rendered":"AUTORIDADES CONFIRMAN  CINCO RECLUSOS RESULTARON HERIDOS EN PLEITO C\u00c1RCEL RAFEY"},"content":{"rendered":"<p><img loading=\"lazy\" class=\"alignleft wp-image-15152\" src=\"http:\/\/hormigaradio.com\/wp-content\/uploads\/2022\/01\/FIRMA-para-Hormiga-Radio.jpeg\" alt=\"\" width=\"66\" height=\"35\" \/><\/p>\n<p>&nbsp;<\/p>\n<p>Autoridades del Ministerio P\u00fablico, en Santiago, confirm\u00f3 este mi\u00e9rcoles, que unos cinco reclusos resultaron con heridas de perdigones, durante un pleitos entre tres\u00a0 privados de libertad.<\/p>\n<p>Seg\u00fan las informaciones\u00a0 las\u00a0 heridas se originaron tras disparos hechos por agentes de la seguridad del penal, que actuaron para controlar la ri\u00f1a.<\/p>\n<p>En relaci\u00f3n a lo que pudo\u00a0 ser detonante del pleito entre los\u00a0 reclusos, \u00a0hay notas extraoficiales de que\u00a0 la ri\u00f1a\u00a0 se origin\u00f3 por el af\u00e1n de control de unos reci\u00e9n llegados del reclusorio.<\/p>\n<p>Sobre lo acontecido, las autoridades del Ministerio P\u00fablico han informado\u00a0 que la seguridad del penal tiene la situaci\u00f3n controlada y descartaron que se produzcan otras peleas.<\/p>\n<p>Impactos: 34<\/p>","protected":false},"excerpt":{"rendered":"<p>&nbsp; Autoridades del Ministerio P\u00fablico, en Santiago, confirm\u00f3 este mi\u00e9rcoles, que unos cinco reclusos resultaron con heridas de perdigones, durante un pleitos entre tres\u00a0<\/p>\n","protected":false},"author":3,"featured_media":15765,"comment_status":"open","ping_status":"closed","sticky":false,"template":"","format":"standard","meta":[],"categories":[3],"tags":[],"_links":{"self":[{"href":"https:\/\/hormigaradio.com\/index.php?rest_route=\/wp\/v2\/posts\/15763"}],"collection":[{"href":"https:\/\/hormigaradio.com\/index.php?rest_route=\/wp\/v2\/posts"}],"about":[{"href":"https:\/\/hormigaradio.com\/index.php?rest_route=\/wp\/v2\/types\/post"}],"author":[{"embeddable":true,"href":"https:\/\/hormigaradio.com\/index.php?rest_route=\/wp\/v2\/users\/3"}],"replies":[{"embeddable":true,"href":"https:\/\/hormigaradio.com\/index.php?rest_route=%2Fwp%2Fv2%2Fcomments&post=15763"}],"version-history":[{"count":1,"href":"https:\/\/hormigaradio.com\/index.php?rest_route=\/wp\/v2\/posts\/15763\/revisions"}],"predecessor-version":[{"id":15764,"href":"https:\/\/hormigaradio.com\/index.php?rest_route=\/wp\/v2\/posts\/15763\/revisions\/15764"}],"wp:featuredmedia":[{"embeddable":true,"href":"https:\/\/hormigaradio.com\/index.php?rest_route=\/wp\/v2\/media\/15765"}],"wp:attachment":[{"href":"https:\/\/hormigaradio.com\/index.php?rest_route=%2Fwp%2Fv2%2Fmedia&parent=15763"}],"wp:term":[{"taxonomy":"category","embeddable":true,"href":"https:\/\/hormigaradio.com\/index.php?rest_route=%2Fwp%2Fv2%2Fcategories&post=15763"},{"taxonomy":"post_tag","embeddable":true,"href":"https:\/\/hormigaradio.com\/index.php?rest_route=%2Fwp%2Fv2%2Ftags&post=15763"}],"curies":[{"name":"wp","href":"https:\/\/api.w.org\/{rel}","templated":true}]}}