{"id":15767,"date":"2022-03-10T15:30:35","date_gmt":"2022-03-10T15:30:35","guid":{"rendered":"http:\/\/hormigaradio.com\/?p=15767"},"modified":"2022-03-10T15:45:02","modified_gmt":"2022-03-10T15:45:02","slug":"fefita-la-grande-deja-sin-efecto-acuerdo-legal-con-eladio-castro","status":"publish","type":"post","link":"https:\/\/hormigaradio.com\/?p=15767","title":{"rendered":"FEFITA LA GRANDE DEJA SIN EFECTO ACUERDO LEGAL CON ELADIO CASTRO"},"content":{"rendered":"<p><img loading=\"lazy\" class=\"alignleft wp-image-15152\" src=\"http:\/\/hormigaradio.com\/wp-content\/uploads\/2022\/01\/FIRMA-para-Hormiga-Radio.jpeg\" alt=\"\" width=\"66\" height=\"35\" \/><\/p>\n<p>&nbsp;<\/p>\n<p>La acordeonista y l\u00edder del movimiento femenino t\u00edpico <a href=\"https:\/\/es.wikipedia.org\/wiki\/Fefita_La_Grande\">Fefita La Grande<\/a> dej\u00f3 ayer sin efecto el acuerdo que otorgaba poderes especiales al empresario Eladio Castro para organizar su despedida final y actividades relativas ante su eventual fallecimiento.<\/p>\n<p>La Gran Soberana, quien goza de buena salud, deja claro en el nuevo documento notarial, que sus cinco hijos ser\u00e1n los responsables absolutos del manejo, organizaci\u00f3n y planificaci\u00f3n de cualquier actividad relacionada con su muerte, as\u00ed como de la creaci\u00f3n de un museo en su tierra natal Santiago Rodr\u00edguez, una posible sede en Santiago, as\u00ed como de su obra musical, entre otros proyectos.<\/p>\n<p>La decisi\u00f3n de la acordeonista fue dada a conocer por la abogada Carmen Olivo Morel, quien en lo adelante es la apoderada legal de la artista en este caso.<\/p>\n<p>\u201cNuestra querida Fefa est\u00e1 en todo su derecho y facultades para realizar los cambios que considere pertinentes y este, se trata de un deseo muy personal y particular de la artista\u201d dijo la abogada.<\/p>\n<p>El acuerdo que queda sin efecto con Castro, fue firmado el pasado mes de febrero en su residencia en esta ciudad.<\/p>\n<p>Lo que s\u00ed permanece sin variaci\u00f3n en el nuevo documento registrado legalmente, es el deseo de la artista de que sus restos sean sepultados en su tierra natal, Santiago Rodr\u00edguez y que sus pertenencias, reconocimientos y art\u00edculos personales, formen parte de un proyecto museogr\u00e1fico en la tierra que la vio nacer, con la intenci\u00f3n de preservar su legado en el rengl\u00f3n de la m\u00fasica t\u00edpica y que nuevas generaciones conozcan su trayectoria.<\/p>\n<p>La artista Fefita La Grande es una de las m\u00e1s carism\u00e1ticas y queridas artistas dominicanas, en su carrera musical ha paseado el merengue t\u00edpico por los m\u00e1s\u00a0 importantes escenarios del mundo, convirti\u00e9ndose en \u00a0un gran \u00edcono.<\/p>\n<p>Impactos: 32<\/p>","protected":false},"excerpt":{"rendered":"<p>&nbsp; La acordeonista y l\u00edder del movimiento femenino t\u00edpico Fefita La Grande dej\u00f3 ayer sin efecto el acuerdo que otorgaba poderes especiales al empresario<\/p>\n","protected":false},"author":3,"featured_media":134,"comment_status":"open","ping_status":"closed","sticky":false,"template":"","format":"standard","meta":[],"categories":[3],"tags":[],"_links":{"self":[{"href":"https:\/\/hormigaradio.com\/index.php?rest_route=\/wp\/v2\/posts\/15767"}],"collection":[{"href":"https:\/\/hormigaradio.com\/index.php?rest_route=\/wp\/v2\/posts"}],"about":[{"href":"https:\/\/hormigaradio.com\/index.php?rest_route=\/wp\/v2\/types\/post"}],"author":[{"embeddable":true,"href":"https:\/\/hormigaradio.com\/index.php?rest_route=\/wp\/v2\/users\/3"}],"replies":[{"embeddable":true,"href":"https:\/\/hormigaradio.com\/index.php?rest_route=%2Fwp%2Fv2%2Fcomments&post=15767"}],"version-history":[{"count":2,"href":"https:\/\/hormigaradio.com\/index.php?rest_route=\/wp\/v2\/posts\/15767\/revisions"}],"predecessor-version":[{"id":15769,"href":"https:\/\/hormigaradio.com\/index.php?rest_route=\/wp\/v2\/posts\/15767\/revisions\/15769"}],"wp:featuredmedia":[{"embeddable":true,"href":"https:\/\/hormigaradio.com\/index.php?rest_route=\/wp\/v2\/media\/134"}],"wp:attachment":[{"href":"https:\/\/hormigaradio.com\/index.php?rest_route=%2Fwp%2Fv2%2Fmedia&parent=15767"}],"wp:term":[{"taxonomy":"category","embeddable":true,"href":"https:\/\/hormigaradio.com\/index.php?rest_route=%2Fwp%2Fv2%2Fcategories&post=15767"},{"taxonomy":"post_tag","embeddable":true,"href":"https:\/\/hormigaradio.com\/index.php?rest_route=%2Fwp%2Fv2%2Ftags&post=15767"}],"curies":[{"name":"wp","href":"https:\/\/api.w.org\/{rel}","templated":true}]}}