{"id":15785,"date":"2022-03-11T21:26:25","date_gmt":"2022-03-11T21:26:25","guid":{"rendered":"http:\/\/hormigaradio.com\/?p=15785"},"modified":"2022-03-11T21:26:25","modified_gmt":"2022-03-11T21:26:25","slug":"ministerio-publico-solicitara-prision-preventiva-contra-7-arrestados-por-el-caso-fm","status":"publish","type":"post","link":"https:\/\/hormigaradio.com\/?p=15785","title":{"rendered":"MINISTERIO P\u00daBLICO SOLICITAR\u00c1 PRISI\u00d3N PREVENTIVA CONTRA 7 ARRESTADOS POR EL CASO FM"},"content":{"rendered":"<p><img loading=\"lazy\" class=\"alignleft wp-image-15152\" src=\"http:\/\/hormigaradio.com\/wp-content\/uploads\/2022\/01\/FIRMA-para-Hormiga-Radio.jpeg\" alt=\"\" width=\"66\" height=\"35\" \/><\/p>\n<p>&nbsp;<\/p>\n<p>El Ministerio P\u00fablico de esta demarcaci\u00f3n solicitar\u00e1 la imposici\u00f3n de prisi\u00f3n preventiva en contra de siete (7) personas imputadas por lavado de activos provenientes del narcotr\u00e1fico y arrestadas como parte del caso abierto a ra\u00edz de la Operaci\u00f3n FM.<\/p>\n<p>Mediante instancia dirigida a la Oficina Judicial de Servicios de Atenci\u00f3n Permanente de Santiago, el Ministerio P\u00fablico solicit\u00f3 la medida de coerci\u00f3n en contra de Juan Gabriel P\u00e9rez Tejada, Anabel Altagracia S\u00e1nchez Santana, Juan Isidro P\u00e9rez de la Rosa, Rolando Miguel Reyes Javier, Dyna Madison Noguera Polanco, Ramluis Mej\u00eda Azcona y Gladis Sof\u00eda Azcona de la Cruz.<\/p>\n<p>El \u00f3rgano persecutor del sistema de justicia adem\u00e1s solicita que el Caso FM sea declarado de tramitaci\u00f3n compleja.<\/p>\n<p>El grupo fue arrestado en la citada operaci\u00f3n del Ministerio P\u00fablico encabezada por la Direcci\u00f3n General de Persecuci\u00f3n y la Procuradur\u00eda Especializada de Antilavado de Activos y Financiamiento del Terrorismo, como parte de la lucha que desarrolla la Procuradur\u00eda General de la Rep\u00fablica contra la criminalidad organizada.<\/p>\n<p>La operaci\u00f3n incluy\u00f3 allanamientos en Santiago, Santo Domingo Este y Punta Cana, en los que los fiscales actuantes ocuparon m\u00e1s de un mill\u00f3n de d\u00f3lares y 760 mil pesos, as\u00ed como 13 veh\u00edculos, incluyendo uno marca Ferrari y dos Porsche.<\/p>\n<p>El Caso FM est\u00e1 vinculado a una red internacional dedicada al lavado de activos provenientes del narcotr\u00e1fico a la que en agosto de 2020 se le ocup\u00f3 unos cuatro 4.3 millones de d\u00f3lares tra\u00eddos a Rep\u00fablica Dominicana en bocinas.<\/p>\n<p>Unos 15 fiscales y 145 miembros de la Direcci\u00f3n Nacional de Control de Drogas (DNCD) y otros organismos de seguridad del Estado dominicano estuvieron a cargo de la operaci\u00f3n que cont\u00f3 con la cooperaci\u00f3n internacional de la HSI (Oficina de Investigaciones del Departamento de Seguridad Nacional) de Estados Unidos.<\/p>\n<p>Impactos: 156<\/p>","protected":false},"excerpt":{"rendered":"<p>&nbsp; El Ministerio P\u00fablico de esta demarcaci\u00f3n solicitar\u00e1 la imposici\u00f3n de prisi\u00f3n preventiva en contra de siete (7) personas imputadas por lavado de activos<\/p>\n","protected":false},"author":3,"featured_media":15777,"comment_status":"open","ping_status":"closed","sticky":false,"template":"","format":"standard","meta":[],"categories":[3],"tags":[],"_links":{"self":[{"href":"https:\/\/hormigaradio.com\/index.php?rest_route=\/wp\/v2\/posts\/15785"}],"collection":[{"href":"https:\/\/hormigaradio.com\/index.php?rest_route=\/wp\/v2\/posts"}],"about":[{"href":"https:\/\/hormigaradio.com\/index.php?rest_route=\/wp\/v2\/types\/post"}],"author":[{"embeddable":true,"href":"https:\/\/hormigaradio.com\/index.php?rest_route=\/wp\/v2\/users\/3"}],"replies":[{"embeddable":true,"href":"https:\/\/hormigaradio.com\/index.php?rest_route=%2Fwp%2Fv2%2Fcomments&post=15785"}],"version-history":[{"count":1,"href":"https:\/\/hormigaradio.com\/index.php?rest_route=\/wp\/v2\/posts\/15785\/revisions"}],"predecessor-version":[{"id":15786,"href":"https:\/\/hormigaradio.com\/index.php?rest_route=\/wp\/v2\/posts\/15785\/revisions\/15786"}],"wp:featuredmedia":[{"embeddable":true,"href":"https:\/\/hormigaradio.com\/index.php?rest_route=\/wp\/v2\/media\/15777"}],"wp:attachment":[{"href":"https:\/\/hormigaradio.com\/index.php?rest_route=%2Fwp%2Fv2%2Fmedia&parent=15785"}],"wp:term":[{"taxonomy":"category","embeddable":true,"href":"https:\/\/hormigaradio.com\/index.php?rest_route=%2Fwp%2Fv2%2Fcategories&post=15785"},{"taxonomy":"post_tag","embeddable":true,"href":"https:\/\/hormigaradio.com\/index.php?rest_route=%2Fwp%2Fv2%2Ftags&post=15785"}],"curies":[{"name":"wp","href":"https:\/\/api.w.org\/{rel}","templated":true}]}}