{"id":158,"date":"2017-11-23T16:41:36","date_gmt":"2017-11-23T16:41:36","guid":{"rendered":"http:\/\/hormigaradio.com\/?p=158"},"modified":"2017-11-23T16:41:36","modified_gmt":"2017-11-23T16:41:36","slug":"dominicano-vicente-garcia-tres-grammy-latino","status":"publish","type":"post","link":"https:\/\/hormigaradio.com\/?p=158","title":{"rendered":"Dominicano Vicente Garc\u00eda tres Grammy Latino"},"content":{"rendered":"<p><span id=\"ctl14_lblMostra\"><a href=\"https:\/\/acento.com.do\/author\/efe\/\">Efe\u00a0<\/a><\/span><\/p>\n<p><img loading=\"lazy\" class=\"size-medium wp-image-159\" src=\"http:\/\/hormigaradio.com\/wp-content\/uploads\/2017\/11\/VICENTE-GARC\u00cdA-300x200.jpg\" alt=\"\" width=\"300\" height=\"200\" srcset=\"https:\/\/hormigaradio.com\/wp-content\/uploads\/2017\/11\/VICENTE-GARC\u00cdA-300x200.jpg 300w, https:\/\/hormigaradio.com\/wp-content\/uploads\/2017\/11\/VICENTE-GARC\u00cdA-768x511.jpg 768w, https:\/\/hormigaradio.com\/wp-content\/uploads\/2017\/11\/VICENTE-GARC\u00cdA-1024x681.jpg 1024w\" sizes=\"(max-width: 300px) 100vw, 300px\" \/><\/p>\n<p><span id=\"ctl14_lblMostra\"><a href=\"https:\/\/acento.com.do\/author\/efe\/\">L<\/a>as Vegas (EE.UU.), 16 nov (EFE).-\u00a0<\/span><span id=\"ctl14_lblMostra\">El talento emergente del dominicano\u00a0<span class=\"classCadenaBusqueda\">Vicente<\/span>\u00a0<span class=\"classCadenaBusqueda\">Garc\u00eda<\/span>\u00a0consigui\u00f3 tres Grammy Latino, incluyendo el premio al mejor artista nuevo, en la\u00a018 edici\u00f3n de los Grammy Latino, que se celebr\u00f3 este jueves en Las Vegas, en la que e<\/span><span id=\"ctl14_lblMostra\">l fen\u00f3meno imparable de \u201cDespacito\u201d, el \u00e9xito firmado por Luis Fonsi y Daddy Yankee, hizo historia en la escena latina y en la m\u00fasica global, al llevarse cuatro galardones y ser coronada como la mejor canci\u00f3n y la mejor grabaci\u00f3n del a\u00f1o.<\/span><\/p>\n<p>De Rep\u00fablica Dominicana tambi\u00e9n puso en alto la isla el reconocido m\u00fasico dominicano Michel Camilo, quien triunf\u00f3 en la categor\u00eda Mejor Album Instrumental por la producci\u00f3n \u201cSpain Forever\u201d que hizo con el espa\u00f1ol Tomatito.<!--more--><\/p>\n<p><span id=\"ctl14_lblMostra\">\u201cDespacito\u201d hizo un p\u00f3ker al llevarse el premio a la mejor fusi\u00f3n\/interpretaci\u00f3n urbana, por el remix junto a Justin Bieber, as\u00ed como el galard\u00f3n al mejor video musical versi\u00f3n corta por un clip que con m\u00e1s de 4.300 millones de visitas ostenta el r\u00e9cord absoluto de visionados en YouTube.<\/span><\/p>\n<p>Las discotecas de todo el planeta han vibrado este a\u00f1o con \u201cDespacito\u201d y hoy Luis Fonsi comparti\u00f3 el extraordinario triunfo de este tema con el reguetonero Daddy Yankee y la compositora Erika Ender.<\/p>\n<p>\u201c\u00a1Qu\u00e9 noche, qu\u00e9 noche! Gracias a la Academia. Que bendici\u00f3n, qu\u00e9 privilegio que nuestro trabajo sea hacer canciones y comunicarnos a trav\u00e9s de la m\u00fasica\u201d, afirm\u00f3.<\/p>\n<p>En declaraciones ante los medios, Luis Fonsi se mostr\u00f3 orgulloso por representar a la m\u00fasica espa\u00f1ol \u201cen el mundo entero\u201d y asegur\u00f3 que \u201cDespacito\u201d es \u201cun himno a Puerto Rico\u201d.<\/p>\n<p>Toda una leyenda como el maestro de la salsa Rub\u00e9n Blades dio la campanada al hacerse con el premio al \u00e1lbum del a\u00f1o por su disco \u201cSalsa Big Band\u201d, su trabajo junto a Roberto Delgado y Orquesta.<\/p>\n<p>\u201cEstoy sumamente sorprendido y muy agradecido a las personas que hicieron esto posible\u201d, se\u00f1al\u00f3 el paname\u00f1o, que tambi\u00e9n gan\u00f3 el premio al mejor disco de salsa, antes de defender que el \u00e9xito no es s\u00f3lo \u201cmateria de una sola persona\u201d.<\/p>\n<p>Residente, que compareci\u00f3 como el favorito con nueve nominaciones, se llev\u00f3 finalmente s\u00f3lo dos galardones: mejor \u00e1lbum urbano (\u201cResidente\u201d) y mejor canci\u00f3n urbana (\u201cSomos anormales\u201d).<\/p>\n<p>Tambi\u00e9n con dos gram\u00f3fonos dorados cerraron la noche la mexicana Natalia Lafourcade y los colombianos Diamante El\u00e9ctrico.<\/p>\n<p>A Residente le toc\u00f3 el honor de dar el pistoletazo de salida a la ceremonia con \u201cHijos del ca\u00f1averal\u201d, que dedic\u00f3 a su patria: \u201cLa mayor\u00eda de estos m\u00fasicos son puertorrique\u00f1os, muchos de ellos lo perdieron todo en la isla pero vinieron aqu\u00ed con todo el coraz\u00f3n y con toda la fuerza a decirle al mundo que Puerto Rico no se levanta porque siempre ha estado en pie\u201d.<\/p>\n<p>El exmiembro de Calle 13 tambi\u00e9n reivindic\u00f3 que el arte no es s\u00f3lo algo cuantitativo basado en estad\u00edsticas de negocio.<\/p>\n<p>\u201cLos artistas no somos n\u00fameros, cifras, datos: hacemos cosas que sentimos y las tiramos al medio porque las sentimos con total honestidad\u201d, proclam\u00f3 Residente.<\/p>\n<p>El aroma mexicano corri\u00f3 por cuenta de Natalia Lafourcade, que junto a Los Macorinos y el mariachi Flor de Toloache bord\u00f3 \u201cMexicana hermosa\u201d y \u201cT\u00fa sabes quererme\u201d.<\/p>\n<p>Pero no fue la \u00fanica muestra de la riqueza musical de M\u00e9xico, ya que por las tablas tambi\u00e9n desfilaron Lila Downs, Banda el Recodo y Alejandro Fern\u00e1ndez.<\/p>\n<p>Los Grammy Latino no renunciaron a uno de los singles del a\u00f1o como \u201cFelices los 4\u201d y el colombiano Maluma la interpret\u00f3 en el centro de una escenograf\u00eda de estilo retro en blanco y negro.<\/p>\n<p>Sus compatriotas Sebasti\u00e1n Yatra y Carlos Vives unieron sus fuerzas para cantar \u201cDevu\u00e9lveme el coraz\u00f3n\u201d y \u201cRobarte un beso\u201d, con las que adem\u00e1s mandaron un mensaje de solidaridad a los afectados por los desastres naturales en Puerto Rico y M\u00e9xico.<\/p>\n<p>Rub\u00e9n Blades empap\u00f3 Las Vegas de colores y sabores de salsa antes de que Alejandro Sanz recibiera el premio Persona del A\u00f1o de los Grammy Latino.<\/p>\n<p>El espa\u00f1ol lanz\u00f3 un mensaje en defensa de los j\u00f3venes indocumentados en Estados Unidos conocido como \u201cdreamers\u201d, en tanto que Lin-Manuel Miranda, que gan\u00f3 el premio Presidencia de la Academia Latina por sus aportes a la comunidad, quiso recordar a la Casa Blanca que los puertorrique\u00f1os tambi\u00e9n son \u201cseres humanos\u201d<\/p>\n<p>Juanes, que se anot\u00f3 el Grammy Latino al mejor disco pop-rock por \u201cMis planes son amarte\u201d, enton\u00f3 junto a Alessia Cara y Logic la canci\u00f3n \u201c1-800-273-8255\u201d sobre la prevenci\u00f3n de los suicidios.<\/p>\n<p>Y con fuego sobre el escenario y una de las propuestas visuales m\u00e1s espectaculares de la ceremonia, el cuarteto estelar formado por J Balvin, Bad Bunny, French Montanna y Steve Aoki levant\u00f3 al p\u00fablico con la energ\u00eda de \u201cSi tu novio te deja sola\u201d y \u201cMi gente\u201d como si fuera una discoteca en plena madrugada.<\/p>\n<p>Con una sorprendente presentaci\u00f3n inspirada en coloridas flores, la chilena Mon Laferte celebr\u00f3 su Grammy Latino a la mejor canci\u00f3n alternativa para el sensual y tropical tema \u201cAm\u00e1rrame\u201d.<\/p>\n<p>Por \u00faltimo, y como broche perfecto a la noche so\u00f1ada de \u201cDespacito\u201d, Luis Fonsi clausur\u00f3 la gran celebraci\u00f3n de la m\u00fasica latina interpretando su canci\u00f3n junto a Bomba Est\u00e9reo, V\u00edctor Manuelle y Diplo. EFE<\/p>\n<p>Impactos: 1349<\/p>","protected":false},"excerpt":{"rendered":"<p>Efe\u00a0 Las Vegas (EE.UU.), 16 nov (EFE).-\u00a0El talento emergente del dominicano\u00a0Vicente\u00a0Garc\u00eda\u00a0consigui\u00f3 tres Grammy Latino, incluyendo el premio al mejor artista nuevo, en la\u00a018 edici\u00f3n<\/p>\n","protected":false},"author":3,"featured_media":159,"comment_status":"open","ping_status":"closed","sticky":false,"template":"","format":"standard","meta":[],"categories":[4],"tags":[],"_links":{"self":[{"href":"https:\/\/hormigaradio.com\/index.php?rest_route=\/wp\/v2\/posts\/158"}],"collection":[{"href":"https:\/\/hormigaradio.com\/index.php?rest_route=\/wp\/v2\/posts"}],"about":[{"href":"https:\/\/hormigaradio.com\/index.php?rest_route=\/wp\/v2\/types\/post"}],"author":[{"embeddable":true,"href":"https:\/\/hormigaradio.com\/index.php?rest_route=\/wp\/v2\/users\/3"}],"replies":[{"embeddable":true,"href":"https:\/\/hormigaradio.com\/index.php?rest_route=%2Fwp%2Fv2%2Fcomments&post=158"}],"version-history":[{"count":1,"href":"https:\/\/hormigaradio.com\/index.php?rest_route=\/wp\/v2\/posts\/158\/revisions"}],"predecessor-version":[{"id":160,"href":"https:\/\/hormigaradio.com\/index.php?rest_route=\/wp\/v2\/posts\/158\/revisions\/160"}],"wp:featuredmedia":[{"embeddable":true,"href":"https:\/\/hormigaradio.com\/index.php?rest_route=\/wp\/v2\/media\/159"}],"wp:attachment":[{"href":"https:\/\/hormigaradio.com\/index.php?rest_route=%2Fwp%2Fv2%2Fmedia&parent=158"}],"wp:term":[{"taxonomy":"category","embeddable":true,"href":"https:\/\/hormigaradio.com\/index.php?rest_route=%2Fwp%2Fv2%2Fcategories&post=158"},{"taxonomy":"post_tag","embeddable":true,"href":"https:\/\/hormigaradio.com\/index.php?rest_route=%2Fwp%2Fv2%2Ftags&post=158"}],"curies":[{"name":"wp","href":"https:\/\/api.w.org\/{rel}","templated":true}]}}